{"id":72352,"date":"2025-10-27T11:36:25","date_gmt":"2025-10-27T17:36:25","guid":{"rendered":"https:\/\/encuentroinformativo.com.mx\/?p=72352"},"modified":"2025-10-27T11:36:25","modified_gmt":"2025-10-27T17:36:25","slug":"captura-nuevo-comandante-a-acusado-de-homicidio-doloso-en-angel-r-cabada","status":"publish","type":"post","link":"https:\/\/encuentroinformativo.com.mx\/?p=72352","title":{"rendered":"Captura nuevo comandante a acusado de homicidio doloso en \u00c1ngel R. Cabada"},"content":{"rendered":"<p><strong>Alejandro \u00c1vila<\/strong><\/p>\n<p>\u00c1ngel R. Cabada, Ver.- A menos de 24 horas del cambio de Comandante de la Polic\u00eda Municipal de \u00c1ngel R Cabada, se dio un golpe de autoridad contra la delincuencia en el sector, tras la captura de un sujeto que contaba con orden de aprehensi\u00f3n por homicidio doloso.<\/p>\n<p>El Comandante &#8220;Merl\u00edn&#8221; fue enviado a poner orden en un municipio que hab\u00eda sido v\u00edctima de diversos episodio de inseguridad durante los \u00faltimos meses; en su primer operativo logr\u00f3 la detenci\u00f3n de un sujeto por faltas administrativas en el centro de la ciudad, tras revisar sus archivos generales se verific\u00f3 que el sujeto ten\u00eda orden de aprehensi\u00f3n vigente por homicidio doloso, ejecutando as\u00ed una colaboraci\u00f3n con la Policia Ministerial para su presentaci\u00f3n ante las instancias correspondientes.<\/p>\n<p>De esta manera se despleg\u00f3 un fuerte operativo en el centro del municipio de \u00c1ngel R. Cabada por parte de los tres niveles de gobierno, participando corporaci\u00f3nes como la Policia Ministerial, Policia Municipal, Policia Estatal y Ej\u00e9rcito M\u00e9xicano.<\/p>\n<p>Dando as\u00ed un golpe de autoridad as\u00ed mismo se presume que estas personas son generadores de violencia de la regi\u00f3n.<\/p>\n","protected":false},"excerpt":{"rendered":"<p>Alejandro \u00c1vila \u00c1ngel R. Cabada, Ver.- A menos de 24 horas del cambio de Comandante de la Polic\u00eda Municipal de \u00c1ngel R Cabada, se dio un golpe de autoridad contra la delincuencia en el sector, tras la captura de un sujeto que contaba con orden de aprehensi\u00f3n por homicidio doloso. El Comandante &#8220;Merl\u00edn&#8221; fue enviado [&hellip;]<\/p>\n","protected":false},"author":2476,"featured_media":72353,"comment_status":"open","ping_status":"open","sticky":false,"template":"","format":"standard","meta":{"_jetpack_memberships_contains_paid_content":false,"footnotes":""},"categories":[14],"tags":[],"class_list":["post-72352","post","type-post","status-publish","format-standard","has-post-thumbnail","hentry","category-policiaca"],"jetpack_featured_media_url":"https:\/\/encuentroinformativo.com.mx\/wp-content\/uploads\/2025\/10\/IMG-20251027-WA0110.jpg","jetpack_sharing_enabled":true,"jetpack_likes_enabled":true,"amp_enabled":true,"_links":{"self":[{"href":"https:\/\/encuentroinformativo.com.mx\/index.php?rest_route=\/wp\/v2\/posts\/72352","targetHints":{"allow":["GET"]}}],"collection":[{"href":"https:\/\/encuentroinformativo.com.mx\/index.php?rest_route=\/wp\/v2\/posts"}],"about":[{"href":"https:\/\/encuentroinformativo.com.mx\/index.php?rest_route=\/wp\/v2\/types\/post"}],"author":[{"embeddable":true,"href":"https:\/\/encuentroinformativo.com.mx\/index.php?rest_route=\/wp\/v2\/users\/2476"}],"replies":[{"embeddable":true,"href":"https:\/\/encuentroinformativo.com.mx\/index.php?rest_route=%2Fwp%2Fv2%2Fcomments&post=72352"}],"version-history":[{"count":1,"href":"https:\/\/encuentroinformativo.com.mx\/index.php?rest_route=\/wp\/v2\/posts\/72352\/revisions"}],"predecessor-version":[{"id":72354,"href":"https:\/\/encuentroinformativo.com.mx\/index.php?rest_route=\/wp\/v2\/posts\/72352\/revisions\/72354"}],"wp:featuredmedia":[{"embeddable":true,"href":"https:\/\/encuentroinformativo.com.mx\/index.php?rest_route=\/wp\/v2\/media\/72353"}],"wp:attachment":[{"href":"https:\/\/encuentroinformativo.com.mx\/index.php?rest_route=%2Fwp%2Fv2%2Fmedia&parent=72352"}],"wp:term":[{"taxonomy":"category","embeddable":true,"href":"https:\/\/encuentroinformativo.com.mx\/index.php?rest_route=%2Fwp%2Fv2%2Fcategories&post=72352"},{"taxonomy":"post_tag","embeddable":true,"href":"https:\/\/encuentroinformativo.com.mx\/index.php?rest_route=%2Fwp%2Fv2%2Ftags&post=72352"}],"curies":[{"name":"wp","href":"https:\/\/api.w.org\/{rel}","templated":true}]}}