{"id":72355,"date":"2025-10-27T12:02:09","date_gmt":"2025-10-27T18:02:09","guid":{"rendered":"https:\/\/encuentroinformativo.com.mx\/?p=72355"},"modified":"2025-10-27T12:02:09","modified_gmt":"2025-10-27T18:02:09","slug":"recibe-llamadas-de-extorsion-asilo-de-ancianos-en-veracruz","status":"publish","type":"post","link":"https:\/\/encuentroinformativo.com.mx\/?p=72355","title":{"rendered":"Recibe llamadas de extorsi\u00f3n asilo de ancianos en Veracruz\u00a0"},"content":{"rendered":"<p><strong>Alejandro \u00c1vila<\/strong><\/p>\n<p>Veracruz, Ver.- Mar\u00eda Teresa de Infanz\u00f3n, directora del Asilo de Ancianos &#8220;COGRA&#8221; ubicado en el municipio de Veracruz, dio a conocer que hace unos d\u00edas recibi\u00f3 una llamada de extorsi\u00f3n, donde un presunto grupo delincuencial le solicitaba la cantidad de 30 mil pesos para brindarles protecci\u00f3n.<\/p>\n<p>La activista, quien constantemente hace eventos a beneficio de los abuelitos del municipio de Veracruz le coment\u00f3 al sujeto que le extorsionaba que no contaba con el monto que \u00e9l solicitaba; por lo cual el criminal bajo su tarifa hasta los 5 mil pesos.<\/p>\n<p>\u201cMe dijo que debido a todo lo que estaba pasando que ellos nos iban a brindar la protecci\u00f3n, pero que necesitaban 30 mil pesos, (\u2026) le dije que no le pudo dar nada, y me termin\u00f3 diciendo que me esperara y que nos iban a cerrar (\u2026) dijo que era de un grupo criminal bastante fuerte\u201d, expres\u00f3.<\/p>\n<p>Mar\u00eda Teresa de Infaz\u00f3n dijo claramente que si acaso tuviera la cantidad que le solicitaba el grupo criminal, en vez de darselos a ellos, lo utilizar\u00eda para comprar despensa y mejorar la infraestructura del asilo que tanto ayuda a los abuelitos jarochos.<\/p>\n<p>En este momento yo pens\u00e9 que los 80 abuelitos que viven en el asilo tienen necesidad de aceite, pa\u00f1ales, leche, productos de limpieza, arroz y sal.<\/p>\n<p>\u201cMe gustar\u00eda que la gente nos visitara y viera la labor que realizamos, que no es f\u00e1cil, pero gracias a d\u00edos lo hemos logrado hacer durante tantos a\u00f1os\u201d, remat\u00f3.<\/p>\n","protected":false},"excerpt":{"rendered":"<p>Alejandro \u00c1vila Veracruz, Ver.- Mar\u00eda Teresa de Infanz\u00f3n, directora del Asilo de Ancianos &#8220;COGRA&#8221; ubicado en el municipio de Veracruz, dio a conocer que hace unos d\u00edas recibi\u00f3 una llamada de extorsi\u00f3n, donde un presunto grupo delincuencial le solicitaba la cantidad de 30 mil pesos para brindarles protecci\u00f3n. La activista, quien constantemente hace eventos a [&hellip;]<\/p>\n","protected":false},"author":2476,"featured_media":72356,"comment_status":"open","ping_status":"open","sticky":false,"template":"","format":"standard","meta":{"_jetpack_memberships_contains_paid_content":false,"footnotes":""},"categories":[2],"tags":[],"class_list":["post-72355","post","type-post","status-publish","format-standard","has-post-thumbnail","hentry","category-estado"],"jetpack_featured_media_url":"https:\/\/encuentroinformativo.com.mx\/wp-content\/uploads\/2025\/10\/IMG-20251027-WA0136.jpg","jetpack_sharing_enabled":true,"jetpack_likes_enabled":true,"amp_enabled":true,"_links":{"self":[{"href":"https:\/\/encuentroinformativo.com.mx\/index.php?rest_route=\/wp\/v2\/posts\/72355","targetHints":{"allow":["GET"]}}],"collection":[{"href":"https:\/\/encuentroinformativo.com.mx\/index.php?rest_route=\/wp\/v2\/posts"}],"about":[{"href":"https:\/\/encuentroinformativo.com.mx\/index.php?rest_route=\/wp\/v2\/types\/post"}],"author":[{"embeddable":true,"href":"https:\/\/encuentroinformativo.com.mx\/index.php?rest_route=\/wp\/v2\/users\/2476"}],"replies":[{"embeddable":true,"href":"https:\/\/encuentroinformativo.com.mx\/index.php?rest_route=%2Fwp%2Fv2%2Fcomments&post=72355"}],"version-history":[{"count":1,"href":"https:\/\/encuentroinformativo.com.mx\/index.php?rest_route=\/wp\/v2\/posts\/72355\/revisions"}],"predecessor-version":[{"id":72357,"href":"https:\/\/encuentroinformativo.com.mx\/index.php?rest_route=\/wp\/v2\/posts\/72355\/revisions\/72357"}],"wp:featuredmedia":[{"embeddable":true,"href":"https:\/\/encuentroinformativo.com.mx\/index.php?rest_route=\/wp\/v2\/media\/72356"}],"wp:attachment":[{"href":"https:\/\/encuentroinformativo.com.mx\/index.php?rest_route=%2Fwp%2Fv2%2Fmedia&parent=72355"}],"wp:term":[{"taxonomy":"category","embeddable":true,"href":"https:\/\/encuentroinformativo.com.mx\/index.php?rest_route=%2Fwp%2Fv2%2Fcategories&post=72355"},{"taxonomy":"post_tag","embeddable":true,"href":"https:\/\/encuentroinformativo.com.mx\/index.php?rest_route=%2Fwp%2Fv2%2Ftags&post=72355"}],"curies":[{"name":"wp","href":"https:\/\/api.w.org\/{rel}","templated":true}]}}