{"id":72365,"date":"2025-10-27T12:22:48","date_gmt":"2025-10-27T18:22:48","guid":{"rendered":"https:\/\/encuentroinformativo.com.mx\/?p=72365"},"modified":"2025-10-27T12:22:48","modified_gmt":"2025-10-27T18:22:48","slug":"tras-enfrentamiento-en-atoyac-cuatro-personas-perdieron-la-vida","status":"publish","type":"post","link":"https:\/\/encuentroinformativo.com.mx\/?p=72365","title":{"rendered":"Tras enfrentamiento en Atoyac, cuatro personas perdieron la vida\u00a0"},"content":{"rendered":"<p><strong>Alejandro \u00c1vila<\/strong><\/p>\n<p>Atoyac, Ver.- Tras el enfrentamiento armado que se suscit\u00f3 la madrugada de este lunes 27 de octubre en la localidad de Potrero Nuevo del municipio de Atoyac, se report\u00f3 el fallecimiento de cuatro personas y los elementos de la Polic\u00eda Municipal detenidos y enviados a la zona del Lencero.<\/p>\n<p>Aproximadamente a la 1 de la madrugada de este lunes, elementos de la Polic\u00eda Ministerial fueron emboscados y agredidos por civiles fuertemente armados en el bar &#8220;La Victoria&#8221; ubicado cerca del Parque Hundido, por lo cual solicitaron el apoyo de la Polic\u00eda Estatal y la Secretar\u00eda de Marina.<\/p>\n<p>El operativo de las fuerzas del orden dejo como saldo tres personas fallecidas en el sitio, una mujer herida de bala y fallecida en Urgencias y otro sujeto herido y custodiado en un hospital de Yanga.<\/p>\n<p>Tras la situaci\u00f3n, 21 elementos de la Polic\u00eda Municipal de Atoyac fueron detenidos y les fueron requisadas armamento y patrullas, hasta el momento se desconoce el paradero del comandante Levy Argujillo Morales, a qui\u00e9n se le acusa de ser presuntamente protector de los grupos delincuenciales de la zona.<\/p>\n","protected":false},"excerpt":{"rendered":"<p>Alejandro \u00c1vila Atoyac, Ver.- Tras el enfrentamiento armado que se suscit\u00f3 la madrugada de este lunes 27 de octubre en la localidad de Potrero Nuevo del municipio de Atoyac, se report\u00f3 el fallecimiento de cuatro personas y los elementos de la Polic\u00eda Municipal detenidos y enviados a la zona del Lencero. Aproximadamente a la 1 [&hellip;]<\/p>\n","protected":false},"author":2476,"featured_media":72366,"comment_status":"open","ping_status":"open","sticky":false,"template":"","format":"standard","meta":{"_jetpack_memberships_contains_paid_content":false,"footnotes":""},"categories":[14],"tags":[],"class_list":["post-72365","post","type-post","status-publish","format-standard","has-post-thumbnail","hentry","category-policiaca"],"jetpack_featured_media_url":"https:\/\/encuentroinformativo.com.mx\/wp-content\/uploads\/2025\/10\/IMG-20251027-WA0166.jpg","jetpack_sharing_enabled":true,"jetpack_likes_enabled":true,"amp_enabled":true,"_links":{"self":[{"href":"https:\/\/encuentroinformativo.com.mx\/index.php?rest_route=\/wp\/v2\/posts\/72365","targetHints":{"allow":["GET"]}}],"collection":[{"href":"https:\/\/encuentroinformativo.com.mx\/index.php?rest_route=\/wp\/v2\/posts"}],"about":[{"href":"https:\/\/encuentroinformativo.com.mx\/index.php?rest_route=\/wp\/v2\/types\/post"}],"author":[{"embeddable":true,"href":"https:\/\/encuentroinformativo.com.mx\/index.php?rest_route=\/wp\/v2\/users\/2476"}],"replies":[{"embeddable":true,"href":"https:\/\/encuentroinformativo.com.mx\/index.php?rest_route=%2Fwp%2Fv2%2Fcomments&post=72365"}],"version-history":[{"count":1,"href":"https:\/\/encuentroinformativo.com.mx\/index.php?rest_route=\/wp\/v2\/posts\/72365\/revisions"}],"predecessor-version":[{"id":72367,"href":"https:\/\/encuentroinformativo.com.mx\/index.php?rest_route=\/wp\/v2\/posts\/72365\/revisions\/72367"}],"wp:featuredmedia":[{"embeddable":true,"href":"https:\/\/encuentroinformativo.com.mx\/index.php?rest_route=\/wp\/v2\/media\/72366"}],"wp:attachment":[{"href":"https:\/\/encuentroinformativo.com.mx\/index.php?rest_route=%2Fwp%2Fv2%2Fmedia&parent=72365"}],"wp:term":[{"taxonomy":"category","embeddable":true,"href":"https:\/\/encuentroinformativo.com.mx\/index.php?rest_route=%2Fwp%2Fv2%2Fcategories&post=72365"},{"taxonomy":"post_tag","embeddable":true,"href":"https:\/\/encuentroinformativo.com.mx\/index.php?rest_route=%2Fwp%2Fv2%2Ftags&post=72365"}],"curies":[{"name":"wp","href":"https:\/\/api.w.org\/{rel}","templated":true}]}}