{"id":72371,"date":"2025-10-27T13:29:56","date_gmt":"2025-10-27T19:29:56","guid":{"rendered":"https:\/\/encuentroinformativo.com.mx\/?p=72371"},"modified":"2025-10-27T13:29:56","modified_gmt":"2025-10-27T19:29:56","slug":"conmemoran-3-anos-de-la-desaparicion-de-francisco-morales-el-potro","status":"publish","type":"post","link":"https:\/\/encuentroinformativo.com.mx\/?p=72371","title":{"rendered":"Conmemoran 3 a\u00f1os de la desaparici\u00f3n de Francisco Morales &#8220;El Potro&#8221;"},"content":{"rendered":"<p><strong>Dar\u00edo Pale<\/strong><\/p>\n<p>Xalapa, Ver.- Integrantes de la asociaci\u00f3n civil La Leyenda de Chucho El Roto conmemoraron este lunes tres a\u00f1os de la no localizaci\u00f3n de su l\u00edder moral, Francisco Fern\u00e1ndez Morales, conocido como \u201cEl Potro\u201d, con una misa en la Catedral Metropolitana de Xalapa.<\/p>\n<p>Jorge Morales Barradas, representante de la organizaci\u00f3n y vocero del movimiento que impulsa la reclasificaci\u00f3n de las tarifas el\u00e9ctricas en Veracruz, inform\u00f3 que la ceremonia religiosa se realiz\u00f3 en honor a El Potro y a Norberto M\u00e1rquez Molina, tambi\u00e9n integrante del movimiento, de quien lament\u00f3 su fallecimiento.<\/p>\n<p>\u201cSe cumplen tres a\u00f1os de la no localizaci\u00f3n de nuestro amigo Francisco y, como el a\u00f1o pasado, celebramos una misa en honor a ellos, nuestros l\u00edderes morales\u201d, expres\u00f3 Morales Barradas.<\/p>\n<p>El representante destac\u00f3 que, adem\u00e1s del acto religioso, acudieron a las oficinas de la Comisi\u00f3n Federal de Electricidad (CFE) para entregar un documento en el que solicitan retomar el di\u00e1logo sobre la reclasificaci\u00f3n de tarifas, una demanda que, se\u00f1al\u00f3, busca mejorar la econom\u00eda de las familias veracruzanas.<\/p>\n<p>\u201cSeguimos proponiendo el di\u00e1logo, porque estas son propuestas que deben salir del pueblo. Necesitamos tarifas justas para las regiones m\u00e1s afectadas\u201d, afirm\u00f3.<\/p>\n<p>Durante su intervenci\u00f3n, Morales Barradas tambi\u00e9n pidi\u00f3 transparencia sobre la operaci\u00f3n de presas como La Soledad, en el norte del estado, las cuales -seg\u00fan mencion\u00f3- pudieron haber influido en el incremento del nivel de los r\u00edos durante las recientes lluvias e inundaciones.<\/p>\n<p>\u201cSolicitamos que se informe al pueblo si la apertura de compuertas tuvo relaci\u00f3n con el aumento del caudal de r\u00edos como el Cazones\u201d, se\u00f1al\u00f3.<\/p>\n<p>Asimismo, expres\u00f3 preocupaci\u00f3n por la cercan\u00eda de comunidades con la planta nuclear de Laguna Verde, por lo que pidi\u00f3 a las autoridades aclarar si existe un seguro de cobertura amplia ante desastres o contingencias y garantizar rutas de evacuaci\u00f3n seguras en caso de emergencia.<\/p>\n<p>\u201cQueremos saber si hay un seguro que proteja al pueblo, y que, de presentarse una contingencia, las familias puedan ser reubicadas sin quedar desamparadas\u201d, a\u00f1adi\u00f3.<\/p>\n<p>En cuanto al di\u00e1logo con las autoridades, Morales Barradas inform\u00f3 que hace dos semanas sostuvieron una reuni\u00f3n con el secretario de Gobierno y representantes de la CFE, quienes -asegur\u00f3- se comprometieron a dar seguimiento a las demandas del movimiento.<\/p>\n<p>Finalmente, adelant\u00f3 que en la pr\u00f3xima reuni\u00f3n, convocada por el Gobierno del Estado, se prev\u00e9 la participaci\u00f3n de Conagua y otras dependencias federales, con el fin de abordar integralmente los temas pendientes de atenci\u00f3n en materia de energ\u00eda, infraestructura y seguridad comunitaria.<\/p>\n<p><img loading=\"lazy\" decoding=\"async\" class=\"aligncenter size-medium wp-image-72373\" src=\"https:\/\/encuentroinformativo.com.mx\/wp-content\/uploads\/2025\/10\/IMG-20251027-WA0214-300x200.jpg\" alt=\"\" width=\"300\" height=\"200\" srcset=\"https:\/\/encuentroinformativo.com.mx\/wp-content\/uploads\/2025\/10\/IMG-20251027-WA0214-300x200.jpg 300w, https:\/\/encuentroinformativo.com.mx\/wp-content\/uploads\/2025\/10\/IMG-20251027-WA0214-1024x683.jpg 1024w, https:\/\/encuentroinformativo.com.mx\/wp-content\/uploads\/2025\/10\/IMG-20251027-WA0214-768x512.jpg 768w, https:\/\/encuentroinformativo.com.mx\/wp-content\/uploads\/2025\/10\/IMG-20251027-WA0214.jpg 1500w\" sizes=\"auto, (max-width: 300px) 100vw, 300px\" \/><\/p>\n","protected":false},"excerpt":{"rendered":"<p>Dar\u00edo Pale Xalapa, Ver.- Integrantes de la asociaci\u00f3n civil La Leyenda de Chucho El Roto conmemoraron este lunes tres a\u00f1os de la no localizaci\u00f3n de su l\u00edder moral, Francisco Fern\u00e1ndez Morales, conocido como \u201cEl Potro\u201d, con una misa en la Catedral Metropolitana de Xalapa. Jorge Morales Barradas, representante de la organizaci\u00f3n y vocero del movimiento [&hellip;]<\/p>\n","protected":false},"author":2476,"featured_media":72372,"comment_status":"open","ping_status":"open","sticky":false,"template":"","format":"standard","meta":{"_jetpack_memberships_contains_paid_content":false,"footnotes":""},"categories":[8],"tags":[],"class_list":["post-72371","post","type-post","status-publish","format-standard","has-post-thumbnail","hentry","category-region"],"jetpack_featured_media_url":"https:\/\/encuentroinformativo.com.mx\/wp-content\/uploads\/2025\/10\/IMG-20251027-WA0211.jpg","jetpack_sharing_enabled":true,"jetpack_likes_enabled":true,"amp_enabled":true,"_links":{"self":[{"href":"https:\/\/encuentroinformativo.com.mx\/index.php?rest_route=\/wp\/v2\/posts\/72371","targetHints":{"allow":["GET"]}}],"collection":[{"href":"https:\/\/encuentroinformativo.com.mx\/index.php?rest_route=\/wp\/v2\/posts"}],"about":[{"href":"https:\/\/encuentroinformativo.com.mx\/index.php?rest_route=\/wp\/v2\/types\/post"}],"author":[{"embeddable":true,"href":"https:\/\/encuentroinformativo.com.mx\/index.php?rest_route=\/wp\/v2\/users\/2476"}],"replies":[{"embeddable":true,"href":"https:\/\/encuentroinformativo.com.mx\/index.php?rest_route=%2Fwp%2Fv2%2Fcomments&post=72371"}],"version-history":[{"count":1,"href":"https:\/\/encuentroinformativo.com.mx\/index.php?rest_route=\/wp\/v2\/posts\/72371\/revisions"}],"predecessor-version":[{"id":72374,"href":"https:\/\/encuentroinformativo.com.mx\/index.php?rest_route=\/wp\/v2\/posts\/72371\/revisions\/72374"}],"wp:featuredmedia":[{"embeddable":true,"href":"https:\/\/encuentroinformativo.com.mx\/index.php?rest_route=\/wp\/v2\/media\/72372"}],"wp:attachment":[{"href":"https:\/\/encuentroinformativo.com.mx\/index.php?rest_route=%2Fwp%2Fv2%2Fmedia&parent=72371"}],"wp:term":[{"taxonomy":"category","embeddable":true,"href":"https:\/\/encuentroinformativo.com.mx\/index.php?rest_route=%2Fwp%2Fv2%2Fcategories&post=72371"},{"taxonomy":"post_tag","embeddable":true,"href":"https:\/\/encuentroinformativo.com.mx\/index.php?rest_route=%2Fwp%2Fv2%2Ftags&post=72371"}],"curies":[{"name":"wp","href":"https:\/\/api.w.org\/{rel}","templated":true}]}}