{"id":72375,"date":"2025-10-27T15:50:33","date_gmt":"2025-10-27T21:50:33","guid":{"rendered":"https:\/\/encuentroinformativo.com.mx\/?p=72375"},"modified":"2025-10-27T15:50:33","modified_gmt":"2025-10-27T21:50:33","slug":"mas-de-40-catrinas-realizaran-procesion-al-mictlan-en-veracruz","status":"publish","type":"post","link":"https:\/\/encuentroinformativo.com.mx\/?p=72375","title":{"rendered":"M\u00e1s de 40 Catrinas realizar\u00e1n &#8220;Procesi\u00f3n al Mictl\u00e1n&#8221; en Veracruz"},"content":{"rendered":"<p><strong>Alejandro \u00c1vila<\/strong><\/p>\n<p>Veracruz, Ver.- Este martes 28 de octubre a partir de las 16:30 horas, m\u00e1s de 40 catrinas que maquillaran y vestiran las alumnas de la Academia &#8220;Reflejos&#8221; realizar\u00e1n el desfile &#8220;Procesi\u00f3n al Mictl\u00e1n&#8221; en la zona peatonal (Zamora y Lerdo) de la avenida Independencia en el puerto de Veracruz.<\/p>\n<p>Por doceavo a\u00f1o consecutivo y con la intenci\u00f3n de preservar las tradiciones mexicanas, tal como lo hizo el maestro Philippe Reyes, alumnos y docentes de la academia &#8220;Reflejos&#8221; contin\u00faan con su legado, se\u00f1al\u00f3 en conferencia de prensa, Laura D\u00edaz, directora de la Academia de Belleza Reflejos; Carlos Alberto Torres Cort\u00e9s, director de Relaciones P\u00fablicas; Juan Antonio Serrano, gerente de CDT Premier y Balam Prince Maya, director de Balam Producciones.<\/p>\n<p>\u201cEl evento es gratuito y se podr\u00e1n admirar en pasarela m\u00e1s de 40 Catrinas y Catrinas personificadas con un concepto de \u00edndole cultural: Catrinas Novias, Catrinas Monocrom\u00e1ticas, Catrinas Talavera, Catrinas Papel Picado, Catrinas Tradicionales, Catrinas Garbanceras, Catrinas Viuda Negra y Catrinas Ne\u00f3n, entre muchos otros conceptos\u201d, mencion\u00f3 Laura D\u00edaz, directora de la Academia de Belleza Reflejos campus Veracruz.<\/p>\n<p>Esta gala de Catrinas y Catrines contar\u00e1 con el Show Performance \u201cProcesi\u00f3n al Mictlan\u201d a cargo de Balam Producciones bajo la direcci\u00f3n general de Balam Prince Maya.<\/p>\n<p>\u201cAbriremos la gala con un Show Performance denominado \u201cProcesi\u00f3n al Mictlan\u201d, con cuatro personajes principales: Mictlantecutli, La Catrina, La bruja y el Alebrije (&#8230;) Habr\u00e1 m\u00fasica en vivo por un tr\u00edo de jaraneros y cerramos la pasarela con la danza del Xantolo &#8220;La fiesta de los muertos&#8221;, inform\u00f3 Balam Prince Maya.<\/p>\n<p><img loading=\"lazy\" decoding=\"async\" class=\"aligncenter size-medium wp-image-72377\" src=\"https:\/\/encuentroinformativo.com.mx\/wp-content\/uploads\/2025\/10\/IMG-20251027-WA0332-204x300.jpg\" alt=\"\" width=\"204\" height=\"300\" srcset=\"https:\/\/encuentroinformativo.com.mx\/wp-content\/uploads\/2025\/10\/IMG-20251027-WA0332-204x300.jpg 204w, https:\/\/encuentroinformativo.com.mx\/wp-content\/uploads\/2025\/10\/IMG-20251027-WA0332-695x1024.jpg 695w, https:\/\/encuentroinformativo.com.mx\/wp-content\/uploads\/2025\/10\/IMG-20251027-WA0332-768x1131.jpg 768w, https:\/\/encuentroinformativo.com.mx\/wp-content\/uploads\/2025\/10\/IMG-20251027-WA0332-1043x1536.jpg 1043w, https:\/\/encuentroinformativo.com.mx\/wp-content\/uploads\/2025\/10\/IMG-20251027-WA0332-300x443.jpg 300w, https:\/\/encuentroinformativo.com.mx\/wp-content\/uploads\/2025\/10\/IMG-20251027-WA0332.jpg 1086w\" sizes=\"auto, (max-width: 204px) 100vw, 204px\" \/><\/p>\n","protected":false},"excerpt":{"rendered":"<p>Alejandro \u00c1vila Veracruz, Ver.- Este martes 28 de octubre a partir de las 16:30 horas, m\u00e1s de 40 catrinas que maquillaran y vestiran las alumnas de la Academia &#8220;Reflejos&#8221; realizar\u00e1n el desfile &#8220;Procesi\u00f3n al Mictl\u00e1n&#8221; en la zona peatonal (Zamora y Lerdo) de la avenida Independencia en el puerto de Veracruz. Por doceavo a\u00f1o consecutivo [&hellip;]<\/p>\n","protected":false},"author":2476,"featured_media":72376,"comment_status":"open","ping_status":"open","sticky":false,"template":"","format":"standard","meta":{"_jetpack_memberships_contains_paid_content":false,"footnotes":""},"categories":[2],"tags":[],"class_list":["post-72375","post","type-post","status-publish","format-standard","has-post-thumbnail","hentry","category-estado"],"jetpack_featured_media_url":"https:\/\/encuentroinformativo.com.mx\/wp-content\/uploads\/2025\/10\/IMG-20251027-WA0331.jpg","jetpack_sharing_enabled":true,"jetpack_likes_enabled":true,"amp_enabled":true,"_links":{"self":[{"href":"https:\/\/encuentroinformativo.com.mx\/index.php?rest_route=\/wp\/v2\/posts\/72375","targetHints":{"allow":["GET"]}}],"collection":[{"href":"https:\/\/encuentroinformativo.com.mx\/index.php?rest_route=\/wp\/v2\/posts"}],"about":[{"href":"https:\/\/encuentroinformativo.com.mx\/index.php?rest_route=\/wp\/v2\/types\/post"}],"author":[{"embeddable":true,"href":"https:\/\/encuentroinformativo.com.mx\/index.php?rest_route=\/wp\/v2\/users\/2476"}],"replies":[{"embeddable":true,"href":"https:\/\/encuentroinformativo.com.mx\/index.php?rest_route=%2Fwp%2Fv2%2Fcomments&post=72375"}],"version-history":[{"count":1,"href":"https:\/\/encuentroinformativo.com.mx\/index.php?rest_route=\/wp\/v2\/posts\/72375\/revisions"}],"predecessor-version":[{"id":72378,"href":"https:\/\/encuentroinformativo.com.mx\/index.php?rest_route=\/wp\/v2\/posts\/72375\/revisions\/72378"}],"wp:featuredmedia":[{"embeddable":true,"href":"https:\/\/encuentroinformativo.com.mx\/index.php?rest_route=\/wp\/v2\/media\/72376"}],"wp:attachment":[{"href":"https:\/\/encuentroinformativo.com.mx\/index.php?rest_route=%2Fwp%2Fv2%2Fmedia&parent=72375"}],"wp:term":[{"taxonomy":"category","embeddable":true,"href":"https:\/\/encuentroinformativo.com.mx\/index.php?rest_route=%2Fwp%2Fv2%2Fcategories&post=72375"},{"taxonomy":"post_tag","embeddable":true,"href":"https:\/\/encuentroinformativo.com.mx\/index.php?rest_route=%2Fwp%2Fv2%2Ftags&post=72375"}],"curies":[{"name":"wp","href":"https:\/\/api.w.org\/{rel}","templated":true}]}}