{"id":72379,"date":"2025-10-27T16:01:07","date_gmt":"2025-10-27T22:01:07","guid":{"rendered":"https:\/\/encuentroinformativo.com.mx\/?p=72379"},"modified":"2025-10-27T16:01:07","modified_gmt":"2025-10-27T22:01:07","slug":"desestima-gobernadora-realizar-cambios-en-proteccion-civil","status":"publish","type":"post","link":"https:\/\/encuentroinformativo.com.mx\/?p=72379","title":{"rendered":"Desestima Gobernadora realizar cambios en Protecci\u00f3n Civil"},"content":{"rendered":"<p><strong>* La titular del ejecutivo minimiz\u00f3 aplicar la revocaci\u00f3n de mandato.<\/strong><\/p>\n<p><strong>Dar\u00edo Pale<\/strong><\/p>\n<p>Xalapa, Ver.- La gobernadora de Veracruz se pronunci\u00f3 sobre la revocaci\u00f3n de mandato y la situaci\u00f3n de los trabajos de atenci\u00f3n tras las recientes inundaciones en Poza Rica, descartando cambios en la titularidad de Protecci\u00f3n Civil y enfatizando el respeto a la voluntad del pueblo veracruzano.<\/p>\n<p>Durante un encuentro con medios, la mandataria detall\u00f3 que hasta el 26 de octubre, se contaban 6 mil 691 personas trabajando en Poza Rica para atender las afectaciones por las lluvias, entre elementos de Defensa, Marina, gobierno estatal y municipal, as\u00ed como dependencias federales como SCT y Conagua.<\/p>\n<p>Adem\u00e1s, se realizaron tandeos con 50 pipas de agua y trabajos de limpieza en drenajes y calles afectadas, incluyendo el uso de hidrolavadoras y aperturas controladas de bordos para permitir el flujo del agua.<\/p>\n<p>\u201cSe est\u00e1n haciendo todos los trabajos de ingenier\u00eda necesarios para que quede mejor que como estaba\u201d, explic\u00f3 la gobernadora, destacando la coordinaci\u00f3n entre Agua Nacional y autoridades locales.<\/p>\n<p>Asimismo, aclar\u00f3 que ninguna de las pipas de agua proporcionadas est\u00e1 siendo cobrada, y advirti\u00f3 que se vigilar\u00e1n los precios de los servicios privados de pipas para evitar cobros indebidos a la poblaci\u00f3n.<\/p>\n<p>En cuanto a la titularidad de Protecci\u00f3n Civil, la gobernadora descart\u00f3 realizar cambios, afirmando que la funcionaria cuenta con un equipo s\u00f3lido y realiza un trabajo efectivo durante la contingencia.<\/p>\n<p>\u201cNo voy a cambiar a la de Protecci\u00f3n Civil. Si no vieron c\u00f3mo trabaja ella o qu\u00e9 hace, se los dejo a su evaluaci\u00f3n. A m\u00ed me ayuda mucho y trabaja mucho\u201d, subray\u00f3.<\/p>\n<p>Respecto a la revocaci\u00f3n de mandato, cuestionada sobre la presencia de ciudadanos en Plaza Lerdo solicitando firmas, la gobernadora reafirm\u00f3 su compromiso con el proceso democr\u00e1tico y reiter\u00f3 que fue electa para cumplir su per\u00edodo hasta 2030.<\/p>\n<p>\u201cVeracruz se le respeta. Este pueblo merece respeto y Veracruz no es carne para la carro\u00f1a. Hay un sistema democr\u00e1tico y vamos a las urnas. No estoy para darle contentillo a carro\u00f1eros\u201d, expres\u00f3.<\/p>\n<p>Con estas declaraciones, la gobernadora busca reforzar la imagen de transparencia y firmeza en la gesti\u00f3n de emergencias, al tiempo que descarta atender presiones pol\u00edticas externas relacionadas con la revocaci\u00f3n de mandato.<\/p>\n<p>&nbsp;<\/p>\n","protected":false},"excerpt":{"rendered":"<p>* La titular del ejecutivo minimiz\u00f3 aplicar la revocaci\u00f3n de mandato. Dar\u00edo Pale Xalapa, Ver.- La gobernadora de Veracruz se pronunci\u00f3 sobre la revocaci\u00f3n de mandato y la situaci\u00f3n de los trabajos de atenci\u00f3n tras las recientes inundaciones en Poza Rica, descartando cambios en la titularidad de Protecci\u00f3n Civil y enfatizando el respeto a la [&hellip;]<\/p>\n","protected":false},"author":2476,"featured_media":72380,"comment_status":"open","ping_status":"open","sticky":false,"template":"","format":"standard","meta":{"_jetpack_memberships_contains_paid_content":false,"footnotes":""},"categories":[2],"tags":[],"class_list":["post-72379","post","type-post","status-publish","format-standard","has-post-thumbnail","hentry","category-estado"],"jetpack_featured_media_url":"https:\/\/encuentroinformativo.com.mx\/wp-content\/uploads\/2025\/10\/IMG-20251027-WA0335.jpg","jetpack_sharing_enabled":true,"jetpack_likes_enabled":true,"amp_enabled":true,"_links":{"self":[{"href":"https:\/\/encuentroinformativo.com.mx\/index.php?rest_route=\/wp\/v2\/posts\/72379","targetHints":{"allow":["GET"]}}],"collection":[{"href":"https:\/\/encuentroinformativo.com.mx\/index.php?rest_route=\/wp\/v2\/posts"}],"about":[{"href":"https:\/\/encuentroinformativo.com.mx\/index.php?rest_route=\/wp\/v2\/types\/post"}],"author":[{"embeddable":true,"href":"https:\/\/encuentroinformativo.com.mx\/index.php?rest_route=\/wp\/v2\/users\/2476"}],"replies":[{"embeddable":true,"href":"https:\/\/encuentroinformativo.com.mx\/index.php?rest_route=%2Fwp%2Fv2%2Fcomments&post=72379"}],"version-history":[{"count":1,"href":"https:\/\/encuentroinformativo.com.mx\/index.php?rest_route=\/wp\/v2\/posts\/72379\/revisions"}],"predecessor-version":[{"id":72381,"href":"https:\/\/encuentroinformativo.com.mx\/index.php?rest_route=\/wp\/v2\/posts\/72379\/revisions\/72381"}],"wp:featuredmedia":[{"embeddable":true,"href":"https:\/\/encuentroinformativo.com.mx\/index.php?rest_route=\/wp\/v2\/media\/72380"}],"wp:attachment":[{"href":"https:\/\/encuentroinformativo.com.mx\/index.php?rest_route=%2Fwp%2Fv2%2Fmedia&parent=72379"}],"wp:term":[{"taxonomy":"category","embeddable":true,"href":"https:\/\/encuentroinformativo.com.mx\/index.php?rest_route=%2Fwp%2Fv2%2Fcategories&post=72379"},{"taxonomy":"post_tag","embeddable":true,"href":"https:\/\/encuentroinformativo.com.mx\/index.php?rest_route=%2Fwp%2Fv2%2Ftags&post=72379"}],"curies":[{"name":"wp","href":"https:\/\/api.w.org\/{rel}","templated":true}]}}