{"id":72395,"date":"2025-10-28T12:42:24","date_gmt":"2025-10-28T18:42:24","guid":{"rendered":"https:\/\/encuentroinformativo.com.mx\/?p=72395"},"modified":"2025-10-28T12:42:24","modified_gmt":"2025-10-28T18:42:24","slug":"defiende-claudia-sheinbaum-trabajo-de-rocio-nahle-ante-inundaciones","status":"publish","type":"post","link":"https:\/\/encuentroinformativo.com.mx\/?p=72395","title":{"rendered":"Defiende Claudia Sheinbaum trabajo de Roc\u00edo Nahle ante inundaciones"},"content":{"rendered":"<p><strong>Dar\u00edo Pale<\/strong><\/p>\n<p>Xalapa, Ver.- La presidenta de M\u00e9xico, Claudia Sheinbaum Pardo, rechaz\u00f3 categ\u00f3ricamente las versiones que apuntaban a que la gobernadora de Veracruz, Roc\u00edo Nahle Garc\u00eda, no se encontraba en la entidad durante las graves inundaciones que afectaron a la regi\u00f3n norte del estado.<\/p>\n<p>\u201cDesde el primer momento Roc\u00edo estuvo atenta. Tambi\u00e9n inventaron la ficci\u00f3n de que no estaba en Veracruz, falso, absolutamente falso\u201d, afirm\u00f3 la mandataria federal.<\/p>\n<p>Sheinbaum explic\u00f3 que Nahle se traslad\u00f3 de inmediato a Poza Rica, desde donde se instal\u00f3 el centro de mando para coordinar los trabajos de auxilio con autoridades municipales y estatales. Posteriormente, se reforzaron las acciones con la llegada de apoyos federales y la activaci\u00f3n de los planes DN-III y Marina, que no requieren orden especial para su implementaci\u00f3n.<\/p>\n<p>La presidenta destac\u00f3 que la gobernadora incluso sobrevol\u00f3 en helic\u00f3ptero el municipio de Ilamatl\u00e1n, la \u00fanica cabecera municipal que permanec\u00eda sin comunicaci\u00f3n terrestre, pero que ya fue accesible nuevamente gracias a los trabajos de apertura de caminos.<\/p>\n<p>Actualmente, a\u00fan permanecen 11 peque\u00f1as localidades sin acceso terrestre, por lo que contin\u00faan los puentes a\u00e9reos y las operaciones de atenci\u00f3n a damnificados.<\/p>\n<p>\u201cElla ha estado ah\u00ed todo el tiempo, desde el principio, me consta, trabajando. Personalmente coordinando con la Marina los puentes a\u00e9reos para llegar a las comunidades incomunicadas\u201d, subray\u00f3 la presidenta.<\/p>\n<p>Sheinbaum asegur\u00f3 que el estado de emergencia se mantendr\u00e1 hasta que concluya la limpieza y reapertura de todas las localidades afectadas, mientras se entregan apoyos a la poblaci\u00f3n.<\/p>\n<p>Adem\u00e1s, record\u00f3 que las campa\u00f1as de desprestigio contra Nahle \u201cfueron tremendas\u201d durante el proceso electoral, pero aun as\u00ed la hoy gobernadora gan\u00f3 \u201ccon 29 puntos de diferencia\u201d, por lo que consider\u00f3 que estos se\u00f1alamientos no tienen \u201cmucho asidero en la poblaci\u00f3n\u201d.<\/p>\n<p>La presidenta adelant\u00f3 que volver\u00e1 a Veracruz este fin de semana para supervisar personalmente las zonas afectadas y dar seguimiento a los programas de gobierno.<\/p>\n<p>\u201cVamos a seguir trabajando y en contacto permanente hasta que todo quede restablecido\u201d, afirm\u00f3.<\/p>\n","protected":false},"excerpt":{"rendered":"<p>Dar\u00edo Pale Xalapa, Ver.- La presidenta de M\u00e9xico, Claudia Sheinbaum Pardo, rechaz\u00f3 categ\u00f3ricamente las versiones que apuntaban a que la gobernadora de Veracruz, Roc\u00edo Nahle Garc\u00eda, no se encontraba en la entidad durante las graves inundaciones que afectaron a la regi\u00f3n norte del estado. \u201cDesde el primer momento Roc\u00edo estuvo atenta. Tambi\u00e9n inventaron la ficci\u00f3n [&hellip;]<\/p>\n","protected":false},"author":2476,"featured_media":72396,"comment_status":"open","ping_status":"open","sticky":false,"template":"","format":"standard","meta":{"_jetpack_memberships_contains_paid_content":false,"footnotes":""},"categories":[2,12],"tags":[],"class_list":["post-72395","post","type-post","status-publish","format-standard","has-post-thumbnail","hentry","category-estado","category-nacional"],"jetpack_featured_media_url":"https:\/\/encuentroinformativo.com.mx\/wp-content\/uploads\/2025\/10\/IMG-20251028-WA0085.jpg","jetpack_sharing_enabled":true,"jetpack_likes_enabled":true,"amp_enabled":true,"_links":{"self":[{"href":"https:\/\/encuentroinformativo.com.mx\/index.php?rest_route=\/wp\/v2\/posts\/72395","targetHints":{"allow":["GET"]}}],"collection":[{"href":"https:\/\/encuentroinformativo.com.mx\/index.php?rest_route=\/wp\/v2\/posts"}],"about":[{"href":"https:\/\/encuentroinformativo.com.mx\/index.php?rest_route=\/wp\/v2\/types\/post"}],"author":[{"embeddable":true,"href":"https:\/\/encuentroinformativo.com.mx\/index.php?rest_route=\/wp\/v2\/users\/2476"}],"replies":[{"embeddable":true,"href":"https:\/\/encuentroinformativo.com.mx\/index.php?rest_route=%2Fwp%2Fv2%2Fcomments&post=72395"}],"version-history":[{"count":1,"href":"https:\/\/encuentroinformativo.com.mx\/index.php?rest_route=\/wp\/v2\/posts\/72395\/revisions"}],"predecessor-version":[{"id":72397,"href":"https:\/\/encuentroinformativo.com.mx\/index.php?rest_route=\/wp\/v2\/posts\/72395\/revisions\/72397"}],"wp:featuredmedia":[{"embeddable":true,"href":"https:\/\/encuentroinformativo.com.mx\/index.php?rest_route=\/wp\/v2\/media\/72396"}],"wp:attachment":[{"href":"https:\/\/encuentroinformativo.com.mx\/index.php?rest_route=%2Fwp%2Fv2%2Fmedia&parent=72395"}],"wp:term":[{"taxonomy":"category","embeddable":true,"href":"https:\/\/encuentroinformativo.com.mx\/index.php?rest_route=%2Fwp%2Fv2%2Fcategories&post=72395"},{"taxonomy":"post_tag","embeddable":true,"href":"https:\/\/encuentroinformativo.com.mx\/index.php?rest_route=%2Fwp%2Fv2%2Ftags&post=72395"}],"curies":[{"name":"wp","href":"https:\/\/api.w.org\/{rel}","templated":true}]}}