{"id":72408,"date":"2025-10-28T14:22:08","date_gmt":"2025-10-28T20:22:08","guid":{"rendered":"https:\/\/encuentroinformativo.com.mx\/?p=72408"},"modified":"2025-10-28T14:22:08","modified_gmt":"2025-10-28T20:22:08","slug":"atencion-se-debe-enfocar-en-reconstruccion-de-zonas-afectadas-pt","status":"publish","type":"post","link":"https:\/\/encuentroinformativo.com.mx\/?p=72408","title":{"rendered":"Atenci\u00f3n se debe enfocar en reconstrucci\u00f3n de zonas afectadas: PT"},"content":{"rendered":"<p><strong>Dar\u00edo Pale<\/strong><\/p>\n<p>Xalapa, Ver.- Vicente Aguilar Aguilar, coordinador de la Comisi\u00f3n Ejecutiva Estatal del Partido del Trabajo hizo un llamado a la prudencia y al respeto institucional ante las voces que, al amparo de la coyuntura en materia legal, insisten en exigir la separaci\u00f3n inmediata del cargo y la eventual revocaci\u00f3n del mandato de Norma Roc\u00edo Nahle Garc\u00eda.<\/p>\n<p>Al respecto, expuso: &#8220;La gobernadora Roc\u00edo Nahle Garc\u00eda cuenta con un mandato firme y vigente otorgado por la voluntad popular y es en el marco de la ley donde deben definirse los l\u00edmites y procedimientos de cualquier ejercicio democr\u00e1tico&#8221;.<\/p>\n<p>Asimismo, dijo que en momentos en que el Estado enfrenta los efectos de una severa contingencia, &#8220;resulta indispensable concentrar los esfuerzos en la atenci\u00f3n a la poblaci\u00f3n y en la reconstrucci\u00f3n de las zonas afectadas&#8221;.<\/p>\n<p>De manera que se\u00f1al\u00f3 que Veracruz requiere estabilidad, coordinaci\u00f3n y responsabilidad pol\u00edtica, &#8220;no confrontaciones innecesarias que distraigan la labor de gobierno&#8221;.<\/p>\n<p>En ese contexto, Vicente Aguilar Aguilar calific\u00f3 como lamentable que existan algunas personas que, en medio de una desgracia, &#8220;procuran sacar alg\u00fan tipo de ganancia a su favor y le apuestan que a Veracruz le vaya mal, para que a ellos les vaya bien&#8221;.<\/p>\n<p>Por eso reiter\u00f3 que el PT respalda la respuesta de la sociedad civil, de sus autoridades federal, estatal y municipal; &#8220;apostamos para que a Veracruz le vaya bien, estamos a favor de la reconstrucci\u00f3n en la zona norte afectada por las lluvias pasadas&#8221;<\/p>\n<p>Exhort\u00f3 a las autoridades a que se consideren est\u00edmulos fiscales a favor de empresas, comercio y prestadores de servicios para que tengan la oportunidad de reiniciar sus actividades productivas y se reactive la econom\u00eda a la brevedad.<\/p>\n<p>&#8220;El PT como aliado del gobierno del Estado no escatimar\u00e1 ni regatear\u00e1 su apoyo y firme respaldo a la gobernadora del Estado Roc\u00edo Nahle Garc\u00eda&#8221;, acot\u00f3.<\/p>\n<p>Ante el proceso interno en el Partido del Trabajo para renovar sus \u00f3rganos de direcci\u00f3n, el Vicente Aguilar Aguilar manifest\u00f3 que se busca sacar una planilla de unidad.<\/p>\n<p>En ese sentido manifest\u00f3 que solamente les falta renovar 16 comit\u00e9s municipales y luego de las festividades de Todos Santos se espera concluirlos entre el 10 y 15 de noviembre, para que entre el 15 y 20 se realice el Congreso estatal.<\/p>\n<p>&#8220;Hay dos ideas. Una de ellas es sacar una sola lista y otra es competir, para ver cada quien su fuerza y luego incluir a todos&#8221;, explic\u00f3.<\/p>\n<p>Asimismo, subray\u00f3 que se debe incluir a todas y todos los que tengan trabajo dentro del partido, &#8220;porque decir que quieren al Partido del Trabajo y no trabajar, no dar la vida, eso no es trabajo&#8221;.<\/p>\n<p>Vicente Aguilar indic\u00f3 que la lealtad se mide con la unidad y con el trabajo.<\/p>\n<p>&#8220;No vamos a quitar a nadie, van a seguir y vamos a sumar. No va a ser en s\u00ed una elecci\u00f3n, hay que revisar, porque muchos delegados recorren el estado, s\u00ed quieren, aceptan algunas candidaturas, yo soy de la idea de que todos caben&#8221;, acot\u00f3.<\/p>\n<p>El l\u00edder coment\u00f3 que faltan municipios donde se valora hacer los congresos locales ante la inseguridad que existe como Tezonapa, Aquila, Las Minas, Filomeno Mata, Tlalixcoyan.<\/p>\n<p>Finalmente dio a conocer que, &#8220;Xalapa lo sacamos en 15 d\u00edas al igual que Veracruz. Me he sentado con los grupos y estamos buscando la mejor forma que es una planilla de unidad, ya hice la propuesta y sacar despu\u00e9s los coordinadores generales que es donde est\u00e1 el conflicto&#8221;.<\/p>\n","protected":false},"excerpt":{"rendered":"<p>Dar\u00edo Pale Xalapa, Ver.- Vicente Aguilar Aguilar, coordinador de la Comisi\u00f3n Ejecutiva Estatal del Partido del Trabajo hizo un llamado a la prudencia y al respeto institucional ante las voces que, al amparo de la coyuntura en materia legal, insisten en exigir la separaci\u00f3n inmediata del cargo y la eventual revocaci\u00f3n del mandato de Norma [&hellip;]<\/p>\n","protected":false},"author":2476,"featured_media":72409,"comment_status":"open","ping_status":"open","sticky":false,"template":"","format":"standard","meta":{"_jetpack_memberships_contains_paid_content":false,"footnotes":""},"categories":[2],"tags":[],"class_list":["post-72408","post","type-post","status-publish","format-standard","has-post-thumbnail","hentry","category-estado"],"jetpack_featured_media_url":"https:\/\/encuentroinformativo.com.mx\/wp-content\/uploads\/2025\/10\/IMG-20251028-WA0146.jpg","jetpack_sharing_enabled":true,"jetpack_likes_enabled":true,"amp_enabled":true,"_links":{"self":[{"href":"https:\/\/encuentroinformativo.com.mx\/index.php?rest_route=\/wp\/v2\/posts\/72408","targetHints":{"allow":["GET"]}}],"collection":[{"href":"https:\/\/encuentroinformativo.com.mx\/index.php?rest_route=\/wp\/v2\/posts"}],"about":[{"href":"https:\/\/encuentroinformativo.com.mx\/index.php?rest_route=\/wp\/v2\/types\/post"}],"author":[{"embeddable":true,"href":"https:\/\/encuentroinformativo.com.mx\/index.php?rest_route=\/wp\/v2\/users\/2476"}],"replies":[{"embeddable":true,"href":"https:\/\/encuentroinformativo.com.mx\/index.php?rest_route=%2Fwp%2Fv2%2Fcomments&post=72408"}],"version-history":[{"count":2,"href":"https:\/\/encuentroinformativo.com.mx\/index.php?rest_route=\/wp\/v2\/posts\/72408\/revisions"}],"predecessor-version":[{"id":72411,"href":"https:\/\/encuentroinformativo.com.mx\/index.php?rest_route=\/wp\/v2\/posts\/72408\/revisions\/72411"}],"wp:featuredmedia":[{"embeddable":true,"href":"https:\/\/encuentroinformativo.com.mx\/index.php?rest_route=\/wp\/v2\/media\/72409"}],"wp:attachment":[{"href":"https:\/\/encuentroinformativo.com.mx\/index.php?rest_route=%2Fwp%2Fv2%2Fmedia&parent=72408"}],"wp:term":[{"taxonomy":"category","embeddable":true,"href":"https:\/\/encuentroinformativo.com.mx\/index.php?rest_route=%2Fwp%2Fv2%2Fcategories&post=72408"},{"taxonomy":"post_tag","embeddable":true,"href":"https:\/\/encuentroinformativo.com.mx\/index.php?rest_route=%2Fwp%2Fv2%2Ftags&post=72408"}],"curies":[{"name":"wp","href":"https:\/\/api.w.org\/{rel}","templated":true}]}}