{"id":72429,"date":"2025-10-29T13:27:19","date_gmt":"2025-10-29T19:27:19","guid":{"rendered":"https:\/\/encuentroinformativo.com.mx\/?p=72429"},"modified":"2025-10-29T13:27:19","modified_gmt":"2025-10-29T19:27:19","slug":"fuertes-vientos-derriban-arboles-en-xalapa-y-la-region","status":"publish","type":"post","link":"https:\/\/encuentroinformativo.com.mx\/?p=72429","title":{"rendered":"Fuertes vientos derriban \u00e1rboles en Xalapa y la regi\u00f3n"},"content":{"rendered":"<p><strong>Dar\u00edo Pale<\/strong><\/p>\n<p>Xalapa, Ver.- Las fuertes rachas de viento registradas este martes en la capital veracruzana provocaron la ca\u00edda de un \u00e1rbol dentro de las instalaciones de la Escuela de Bachilleres Art\u00edculo 3\u00ba, el cual termin\u00f3 sobre una camioneta estacionada en el plantel. Hasta el momento, no se reportan personas lesionadas.<\/p>\n<p>Pese a las condiciones clim\u00e1ticas adversas y la Alerta Gris emitida por autoridades de Protecci\u00f3n Civil ante la llegada del Frente Fr\u00edo n\u00famero 11, la Secretar\u00eda de Educaci\u00f3n de Veracruz (SEV) decidi\u00f3 mantener las actividades escolares de forma normal en toda la entidad.<\/p>\n<p>El incidente moviliz\u00f3 al personal del plantel y al \u00e1rea de Protecci\u00f3n Civil municipal, quienes acudieron para retirar el \u00e1rbol y verificar que no existiera riesgo adicional para estudiantes y trabajadores.<\/p>\n<p>Las autoridades municipales de Xalapa exhortaron a la poblaci\u00f3n a extremar precauciones durante las pr\u00f3ximas horas, ya que los vientos podr\u00edan incrementar su intensidad y ocasionar m\u00e1s ca\u00eddas de \u00e1rboles, afectaciones a estructuras y cortes de energ\u00eda el\u00e9ctrica.<\/p>\n<p>Se recomienda evitar zonas arboladas, asegurar objetos en patios y azoteas, y mantenerse informados a trav\u00e9s de los avisos oficiales.<\/p>\n<p>En el municipio de Coatepec, debido a las rachas de viento que se reportan en la regi\u00f3n, se registr\u00f3 la ca\u00edda de un \u00e1rbol sobre la avenida que conduce al fraccionamiento Las Haciendas, en el municipio de Coatepec, lo que provoc\u00f3 da\u00f1os en el tendido el\u00e9ctrico y dej\u00f3 sin energ\u00eda a algunas colonias de la zona.<\/p>\n<p>De acuerdo con los primeros reportes, el \u00e1rbol cay\u00f3 sobre cables de alta tensi\u00f3n, lo que ocasion\u00f3 un corte de luz en colonias como la 22 de Septiembre.<\/p>\n<p>Asimismo, la ca\u00edda provoc\u00f3 el cierre de circulaci\u00f3n de ambos carriles de esa v\u00eda de comunicaci\u00f3n.<\/p>\n<p>Elementos de Protecci\u00f3n Civil Municipal acudieron al lugar para realizar los trabajos correspondientes, mientras personal de la Comisi\u00f3n Federal de Electricidad (CFE) eval\u00faa los da\u00f1os.<\/p>\n<p>Las autoridades exhortan a la poblaci\u00f3n a mantenerse alerta y evitar transitar cerca de \u00e1rboles o estructuras inestables mientras persisten los fuertes vientos.<\/p>\n<p><img loading=\"lazy\" decoding=\"async\" class=\"aligncenter size-medium wp-image-72431\" src=\"https:\/\/encuentroinformativo.com.mx\/wp-content\/uploads\/2025\/10\/IMG-20251029-WA0193-300x225.jpg\" alt=\"\" width=\"300\" height=\"225\" srcset=\"https:\/\/encuentroinformativo.com.mx\/wp-content\/uploads\/2025\/10\/IMG-20251029-WA0193-300x225.jpg 300w, https:\/\/encuentroinformativo.com.mx\/wp-content\/uploads\/2025\/10\/IMG-20251029-WA0193-1024x768.jpg 1024w, https:\/\/encuentroinformativo.com.mx\/wp-content\/uploads\/2025\/10\/IMG-20251029-WA0193-768x576.jpg 768w, https:\/\/encuentroinformativo.com.mx\/wp-content\/uploads\/2025\/10\/IMG-20251029-WA0193-1536x1152.jpg 1536w, https:\/\/encuentroinformativo.com.mx\/wp-content\/uploads\/2025\/10\/IMG-20251029-WA0193.jpg 1600w\" sizes=\"auto, (max-width: 300px) 100vw, 300px\" \/><\/p>\n","protected":false},"excerpt":{"rendered":"<p>Dar\u00edo Pale Xalapa, Ver.- Las fuertes rachas de viento registradas este martes en la capital veracruzana provocaron la ca\u00edda de un \u00e1rbol dentro de las instalaciones de la Escuela de Bachilleres Art\u00edculo 3\u00ba, el cual termin\u00f3 sobre una camioneta estacionada en el plantel. Hasta el momento, no se reportan personas lesionadas. Pese a las condiciones [&hellip;]<\/p>\n","protected":false},"author":2476,"featured_media":72430,"comment_status":"open","ping_status":"open","sticky":false,"template":"","format":"standard","meta":{"_jetpack_memberships_contains_paid_content":false,"footnotes":""},"categories":[3],"tags":[],"class_list":["post-72429","post","type-post","status-publish","format-standard","has-post-thumbnail","hentry","category-xalapa"],"jetpack_featured_media_url":"https:\/\/encuentroinformativo.com.mx\/wp-content\/uploads\/2025\/10\/IMG-20251029-WA0192.jpg","jetpack_sharing_enabled":true,"jetpack_likes_enabled":true,"amp_enabled":true,"_links":{"self":[{"href":"https:\/\/encuentroinformativo.com.mx\/index.php?rest_route=\/wp\/v2\/posts\/72429","targetHints":{"allow":["GET"]}}],"collection":[{"href":"https:\/\/encuentroinformativo.com.mx\/index.php?rest_route=\/wp\/v2\/posts"}],"about":[{"href":"https:\/\/encuentroinformativo.com.mx\/index.php?rest_route=\/wp\/v2\/types\/post"}],"author":[{"embeddable":true,"href":"https:\/\/encuentroinformativo.com.mx\/index.php?rest_route=\/wp\/v2\/users\/2476"}],"replies":[{"embeddable":true,"href":"https:\/\/encuentroinformativo.com.mx\/index.php?rest_route=%2Fwp%2Fv2%2Fcomments&post=72429"}],"version-history":[{"count":1,"href":"https:\/\/encuentroinformativo.com.mx\/index.php?rest_route=\/wp\/v2\/posts\/72429\/revisions"}],"predecessor-version":[{"id":72432,"href":"https:\/\/encuentroinformativo.com.mx\/index.php?rest_route=\/wp\/v2\/posts\/72429\/revisions\/72432"}],"wp:featuredmedia":[{"embeddable":true,"href":"https:\/\/encuentroinformativo.com.mx\/index.php?rest_route=\/wp\/v2\/media\/72430"}],"wp:attachment":[{"href":"https:\/\/encuentroinformativo.com.mx\/index.php?rest_route=%2Fwp%2Fv2%2Fmedia&parent=72429"}],"wp:term":[{"taxonomy":"category","embeddable":true,"href":"https:\/\/encuentroinformativo.com.mx\/index.php?rest_route=%2Fwp%2Fv2%2Fcategories&post=72429"},{"taxonomy":"post_tag","embeddable":true,"href":"https:\/\/encuentroinformativo.com.mx\/index.php?rest_route=%2Fwp%2Fv2%2Ftags&post=72429"}],"curies":[{"name":"wp","href":"https:\/\/api.w.org\/{rel}","templated":true}]}}