{"id":72444,"date":"2025-10-29T19:30:16","date_gmt":"2025-10-30T01:30:16","guid":{"rendered":"https:\/\/encuentroinformativo.com.mx\/?p=72444"},"modified":"2025-10-29T19:30:16","modified_gmt":"2025-10-30T01:30:16","slug":"comerciantes-del-salto-de-eyipantla-insisten-en-la-intervencion-del-gobierno-para-reanudar-acceso","status":"publish","type":"post","link":"https:\/\/encuentroinformativo.com.mx\/?p=72444","title":{"rendered":"Comerciantes del Salto de Eyipantla insisten en la intervenci\u00f3n del gobierno para reanudar acceso\u00a0"},"content":{"rendered":"<p><strong>* Denuncia contra los presuntos responsables del derribo de las escalinatas sigue estancada en Fiscal\u00eda.<\/strong><\/p>\n<p><strong>* Comerciantes y artesanos de la parte baja de la cascada est\u00e1n colapsados econ\u00f3micamente.<\/strong><\/p>\n<p><strong>Armando Azamar Fonseca<\/strong><\/p>\n<p>San Andr\u00e9s Tuxtla, Ver.- A m\u00e1s de a\u00f1o y medio de mantenerse cerrado el acceso a la parte baja de la ic\u00f3nica cascada del Salto de Eyipantla, comerciantes y artesanos locales hacen un llamado desesperado al gobierno del estado, solicitando la intervenci\u00f3n directa de la gobernadora Roc\u00edo Nahle para resolver un conflicto agrario que ha paralizado su econom\u00eda.<\/p>\n<p>La fuente de ingresos de decenas de familias se encuentra &#8220;colapsada econ\u00f3micamente&#8221; desde que un grupo de ejidatarios adheridos a la &#8220;triple S&#8221; derribaron las escalinatas que permit\u00edan el descenso al pie de la cascada en el mes de marzo de 2024.<\/p>\n<p>Los afectados, muchos de ellos madres y padres de familia que dependen exclusivamente del turismo, han tenido que buscar alternativas de subsistencia.<\/p>\n<p>Mar\u00eda Cristina Velasco Belli, Secretaria de los comerciantes de la parte baja, detall\u00f3 el duro golpe: &#8220;Me ha afectado porque soy viuda y con cuatro hijos estudiando&#8230; mi mayor entrega de artesan\u00edas era precisamente en la parte de abajo, tengo ya 22 a\u00f1os dependiendo de la cascada. Tuve que buscar otros medios, como vender mis artesan\u00edas en Catemaco o incluso en Veracruz.&#8221;<\/p>\n<p>Emma Velasco, otra comerciante afectada y madre soltera, relat\u00f3 que, tras a\u00f1o y medio sin trabajar, se ha dedicado a vender antojitos para solventar gastos. La falta de acceso ha ahuyentado a los visitantes.<\/p>\n<p>&#8220;El turista llega y pregunta si la parte baja est\u00e1 en servicio, y como saben que no, entonces se regresan, no hay econom\u00eda.&#8221;<\/p>\n<p>Los comerciantes han interpuesto una denuncia ante la Fiscal\u00eda contra los ejidatarios de la triple S por el delito de despojo. Sin embargo, lamentan que la carpeta de investigaci\u00f3n se encuentra estancada, impidiendo una soluci\u00f3n al conflicto.<\/p>\n<p>El perjuicio trasciende a los comerciantes, afectando a todo el corredor tur\u00edstico: &#8220;El turismo no viene, se est\u00e1 yendo por otro lado, las agencias de viaje han descartado ofrecer al Salto de Eyipantla como punto tur\u00edstico,&#8221; se\u00f1al\u00f3 don Fernando Contreras Morales, comerciante de la parte baja de la cascada.<\/p>\n<p>Los afectados claman a la gobernadora Roc\u00edo Nahle y a la Fiscal general del Estado, Ver\u00f3nica Hern\u00e1ndez Giadans, para que se agilice la investigaci\u00f3n y se encuentre un punto de acuerdo con los ejidatarios que permita la reapertura y reactivaci\u00f3n econ\u00f3mica del sitio, considerado uno de los atractivos naturales m\u00e1s importantes de la regi\u00f3n de Los Tuxtlas.<\/p>\n<p><img loading=\"lazy\" decoding=\"async\" class=\"aligncenter size-medium wp-image-72446\" src=\"https:\/\/encuentroinformativo.com.mx\/wp-content\/uploads\/2025\/10\/IMG-20251029-WA0354-300x225.jpg\" alt=\"\" width=\"300\" height=\"225\" srcset=\"https:\/\/encuentroinformativo.com.mx\/wp-content\/uploads\/2025\/10\/IMG-20251029-WA0354-300x225.jpg 300w, https:\/\/encuentroinformativo.com.mx\/wp-content\/uploads\/2025\/10\/IMG-20251029-WA0354-1024x768.jpg 1024w, https:\/\/encuentroinformativo.com.mx\/wp-content\/uploads\/2025\/10\/IMG-20251029-WA0354-768x576.jpg 768w, https:\/\/encuentroinformativo.com.mx\/wp-content\/uploads\/2025\/10\/IMG-20251029-WA0354-1536x1152.jpg 1536w, https:\/\/encuentroinformativo.com.mx\/wp-content\/uploads\/2025\/10\/IMG-20251029-WA0354.jpg 1600w\" sizes=\"auto, (max-width: 300px) 100vw, 300px\" \/><\/p>\n","protected":false},"excerpt":{"rendered":"<p>* Denuncia contra los presuntos responsables del derribo de las escalinatas sigue estancada en Fiscal\u00eda. * Comerciantes y artesanos de la parte baja de la cascada est\u00e1n colapsados econ\u00f3micamente. Armando Azamar Fonseca San Andr\u00e9s Tuxtla, Ver.- A m\u00e1s de a\u00f1o y medio de mantenerse cerrado el acceso a la parte baja de la ic\u00f3nica cascada [&hellip;]<\/p>\n","protected":false},"author":2476,"featured_media":72445,"comment_status":"open","ping_status":"open","sticky":false,"template":"","format":"standard","meta":{"_jetpack_memberships_contains_paid_content":false,"footnotes":""},"categories":[2],"tags":[],"class_list":["post-72444","post","type-post","status-publish","format-standard","has-post-thumbnail","hentry","category-estado"],"jetpack_featured_media_url":"https:\/\/encuentroinformativo.com.mx\/wp-content\/uploads\/2025\/10\/IMG-20251029-WA0358.jpg","jetpack_sharing_enabled":true,"jetpack_likes_enabled":true,"amp_enabled":true,"_links":{"self":[{"href":"https:\/\/encuentroinformativo.com.mx\/index.php?rest_route=\/wp\/v2\/posts\/72444","targetHints":{"allow":["GET"]}}],"collection":[{"href":"https:\/\/encuentroinformativo.com.mx\/index.php?rest_route=\/wp\/v2\/posts"}],"about":[{"href":"https:\/\/encuentroinformativo.com.mx\/index.php?rest_route=\/wp\/v2\/types\/post"}],"author":[{"embeddable":true,"href":"https:\/\/encuentroinformativo.com.mx\/index.php?rest_route=\/wp\/v2\/users\/2476"}],"replies":[{"embeddable":true,"href":"https:\/\/encuentroinformativo.com.mx\/index.php?rest_route=%2Fwp%2Fv2%2Fcomments&post=72444"}],"version-history":[{"count":1,"href":"https:\/\/encuentroinformativo.com.mx\/index.php?rest_route=\/wp\/v2\/posts\/72444\/revisions"}],"predecessor-version":[{"id":72447,"href":"https:\/\/encuentroinformativo.com.mx\/index.php?rest_route=\/wp\/v2\/posts\/72444\/revisions\/72447"}],"wp:featuredmedia":[{"embeddable":true,"href":"https:\/\/encuentroinformativo.com.mx\/index.php?rest_route=\/wp\/v2\/media\/72445"}],"wp:attachment":[{"href":"https:\/\/encuentroinformativo.com.mx\/index.php?rest_route=%2Fwp%2Fv2%2Fmedia&parent=72444"}],"wp:term":[{"taxonomy":"category","embeddable":true,"href":"https:\/\/encuentroinformativo.com.mx\/index.php?rest_route=%2Fwp%2Fv2%2Fcategories&post=72444"},{"taxonomy":"post_tag","embeddable":true,"href":"https:\/\/encuentroinformativo.com.mx\/index.php?rest_route=%2Fwp%2Fv2%2Ftags&post=72444"}],"curies":[{"name":"wp","href":"https:\/\/api.w.org\/{rel}","templated":true}]}}