{"id":72448,"date":"2025-10-29T21:45:21","date_gmt":"2025-10-30T03:45:21","guid":{"rendered":"https:\/\/encuentroinformativo.com.mx\/?p=72448"},"modified":"2025-10-29T21:45:21","modified_gmt":"2025-10-30T03:45:21","slug":"suspende-sev-actividades-academicas-este-31-de-octubre-en-todos-los-niveles","status":"publish","type":"post","link":"https:\/\/encuentroinformativo.com.mx\/?p=72448","title":{"rendered":"Suspende SEV actividades acad\u00e9micas este 31 de octubre en todos los niveles"},"content":{"rendered":"<p><strong>* Consejo T\u00e9cnico Escolar se desarrollar\u00e1 en su respectiva fecha acordada.<\/strong><\/p>\n<p><strong>* El retorno a las aulas ser\u00e1 el lunes 03 de noviembre.<\/strong><\/p>\n<p>Xalapa, Ver.- La Secretar\u00eda de Educaci\u00f3n de Veracruz (SEV) informa que, con el objetivo de preservar la tradici\u00f3n del D\u00eda de Muertos, se determin\u00f3 suspender las actividades acad\u00e9micas este viernes 31 de octubre en todos los niveles educativos y modalidades.<\/p>\n<p>En este sentido, el Consejo T\u00e9cnico Escolar que realiza Subsecretar\u00eda de Educaci\u00f3n B\u00e1sica el \u00faltimo viernes de cada mes se desarrollar\u00e1 en la fecha acordada por cada nivel educativo.<\/p>\n<p>De esta forma, se da continuidad a una tradici\u00f3n declarada Obra Maestra del Patrimonio Oral e Inmaterial de la Humanidad por la Organizaci\u00f3n de las Naciones Unidas para la Educaci\u00f3n, la Ciencia y la Cultura (UNESCO, por sus siglas en ingl\u00e9s), debido a su profundo significado y diversidad cultural.<\/p>\n<p>El retorno a las aulas ser\u00e1 el pr\u00f3ximo lunes 03 de noviembre, para dar seguimiento a los planes y programas del ciclo escolar 2025-2026.<\/p>\n","protected":false},"excerpt":{"rendered":"<p>* Consejo T\u00e9cnico Escolar se desarrollar\u00e1 en su respectiva fecha acordada. * El retorno a las aulas ser\u00e1 el lunes 03 de noviembre. Xalapa, Ver.- La Secretar\u00eda de Educaci\u00f3n de Veracruz (SEV) informa que, con el objetivo de preservar la tradici\u00f3n del D\u00eda de Muertos, se determin\u00f3 suspender las actividades acad\u00e9micas este viernes 31 de [&hellip;]<\/p>\n","protected":false},"author":2476,"featured_media":40719,"comment_status":"open","ping_status":"open","sticky":false,"template":"","format":"standard","meta":{"_jetpack_memberships_contains_paid_content":false,"footnotes":""},"categories":[2],"tags":[],"class_list":["post-72448","post","type-post","status-publish","format-standard","has-post-thumbnail","hentry","category-estado"],"jetpack_featured_media_url":"https:\/\/encuentroinformativo.com.mx\/wp-content\/uploads\/2023\/05\/Photo_1684273973457.jpg","jetpack_sharing_enabled":true,"jetpack_likes_enabled":true,"amp_enabled":true,"_links":{"self":[{"href":"https:\/\/encuentroinformativo.com.mx\/index.php?rest_route=\/wp\/v2\/posts\/72448","targetHints":{"allow":["GET"]}}],"collection":[{"href":"https:\/\/encuentroinformativo.com.mx\/index.php?rest_route=\/wp\/v2\/posts"}],"about":[{"href":"https:\/\/encuentroinformativo.com.mx\/index.php?rest_route=\/wp\/v2\/types\/post"}],"author":[{"embeddable":true,"href":"https:\/\/encuentroinformativo.com.mx\/index.php?rest_route=\/wp\/v2\/users\/2476"}],"replies":[{"embeddable":true,"href":"https:\/\/encuentroinformativo.com.mx\/index.php?rest_route=%2Fwp%2Fv2%2Fcomments&post=72448"}],"version-history":[{"count":1,"href":"https:\/\/encuentroinformativo.com.mx\/index.php?rest_route=\/wp\/v2\/posts\/72448\/revisions"}],"predecessor-version":[{"id":72449,"href":"https:\/\/encuentroinformativo.com.mx\/index.php?rest_route=\/wp\/v2\/posts\/72448\/revisions\/72449"}],"wp:featuredmedia":[{"embeddable":true,"href":"https:\/\/encuentroinformativo.com.mx\/index.php?rest_route=\/wp\/v2\/media\/40719"}],"wp:attachment":[{"href":"https:\/\/encuentroinformativo.com.mx\/index.php?rest_route=%2Fwp%2Fv2%2Fmedia&parent=72448"}],"wp:term":[{"taxonomy":"category","embeddable":true,"href":"https:\/\/encuentroinformativo.com.mx\/index.php?rest_route=%2Fwp%2Fv2%2Fcategories&post=72448"},{"taxonomy":"post_tag","embeddable":true,"href":"https:\/\/encuentroinformativo.com.mx\/index.php?rest_route=%2Fwp%2Fv2%2Ftags&post=72448"}],"curies":[{"name":"wp","href":"https:\/\/api.w.org\/{rel}","templated":true}]}}