{"id":72453,"date":"2025-10-30T13:17:22","date_gmt":"2025-10-30T19:17:22","guid":{"rendered":"https:\/\/encuentroinformativo.com.mx\/?p=72453"},"modified":"2025-10-30T13:17:48","modified_gmt":"2025-10-30T19:17:48","slug":"reprocha-frente-por-la-familia-declaraciones-panistas","status":"publish","type":"post","link":"https:\/\/encuentroinformativo.com.mx\/?p=72453","title":{"rendered":"Reprocha Frente por la Familia declaraciones panistas"},"content":{"rendered":"<p><strong>Dar\u00edo Pale<\/strong><\/p>\n<p>Xalapa, Ver.- Integrantes del Frente Nacional por la Familia (FNF) en Xalapa manifestaron su inconformidad con las recientes declaraciones del dirigente nacional del Partido Acci\u00f3n Nacional (PAN), Jorge Romero, respecto al concepto de familia y al derecho a la vida.<\/p>\n<p>En conferencia de prensa, Gustavo Balderas, presidente del FNF Xalapa, inform\u00f3 que, al igual que comit\u00e9s de otras entidades como Aguascalientes y del propio dirigente nacional del movimiento, Rodrigo Iv\u00e1n Cort\u00e9s, decidieron enviar una carta al l\u00edder panista para reclamar lo que consideran un alejamiento de los principios ideol\u00f3gicos fundacionales del partido.<\/p>\n<p>Dicho documento -que fue entregado al Comit\u00e9 Directivo Estatal del PAN en Veracruz- cuestiona declaraciones emitidas por Romero en una entrevista televisiva, donde habl\u00f3 sobre la diversidad de familias y la necesidad de legislar sobre temas como uniones civiles y derechos de las mascotas.<\/p>\n<p>\u201cLa familia es la base de la sociedad\u201d, se\u00f1ala el Frente<\/p>\n<p>En el escrito, el Frente celebra el nuevo lema panista \u201cPatria, Familia y Libertad\u201d, pero lamenta que, en su visi\u00f3n, el concepto de familia se est\u00e9 flexibilizando m\u00e1s all\u00e1 de lo que marcan los estatutos del PAN desde 1939.<\/p>\n<p>\u201cLa familia es la cuna de la vida y del amor\u2026 y merece un cuidado especial del Estado por encima de cualquier otro tipo de asociaci\u00f3n\u201d, sostiene el documento citado por Valderas.<\/p>\n<p>Asimismo, la agrupaci\u00f3n exigi\u00f3 al PAN defender \u201cel derecho a la vida desde la concepci\u00f3n\u201d, asegurando que cualquier avance en la despenalizaci\u00f3n del aborto s\u00f3lo promueve \u201cla normalizaci\u00f3n\u201d de este procedimiento.<\/p>\n<p>Acusan \u201cgenocidio\u201d por cifras de abortos en M\u00e9xico<\/p>\n<p>El l\u00edder del FNF Xalapa afirm\u00f3 que, desde la legalizaci\u00f3n del aborto en distintas entidades del pa\u00eds, se han registrado m\u00e1s de 800 mil procedimientos a nivel nacional, lo que calific\u00f3 como un \u201cgenocidio\u201d.<\/p>\n<p>Aunque reconoci\u00f3 no contar con cifras oficiales por entidad, estim\u00f3 que se realizan 50 mil abortos al a\u00f1o en M\u00e9xico. (Cabe se\u00f1alar que estas cifras no fueron acompa\u00f1adas de fuentes oficiales durante la conferencia).<\/p>\n<p>Cuestionado sobre los casos de ni\u00f1as v\u00edctimas de violaci\u00f3n que resultan embarazadas, Valderas insisti\u00f3 en que el aborto no es una soluci\u00f3n:<\/p>\n<p>\u201cEstamos sacrificando a un inocente y no resolvemos el problema de fondo\u2026 La verdadera ra\u00edz est\u00e1 en la violencia intrafamiliar y la destrucci\u00f3n de los valores familiares\u201d.<\/p>\n<p>Se\u00f1al\u00f3 que personas agresoras y proxenetas podr\u00edan usar servicios de salud para forzar abortos sin consecuencias legales, para continuar explotando sexualmente a mujeres y menores.<\/p>\n<p>Piden al PAN regresar a sus principios fundacionales<\/p>\n<p>El Frente agradeci\u00f3 a legisladores panistas que han defendido posturas conservadoras en tribuna y exigi\u00f3 a Jorge Romero no adoptar \u201cbanderas ajenas\u201d que, dijeron, \u201cahuyentan a la base electoral del PAN\u201d.<\/p>\n<p>\u201cLegal o ilegal, el aborto es un crimen\u201d, reiter\u00f3.<\/p>\n<p>Finalmente, hicieron un llamado a crear condiciones sociales y econ\u00f3micas para que, seg\u00fan su visi\u00f3n, el aborto se vuelva \u201cimpensable\u201d en M\u00e9xico.<\/p>\n<p>&nbsp;<\/p>\n","protected":false},"excerpt":{"rendered":"<p>Dar\u00edo Pale Xalapa, Ver.- Integrantes del Frente Nacional por la Familia (FNF) en Xalapa manifestaron su inconformidad con las recientes declaraciones del dirigente nacional del Partido Acci\u00f3n Nacional (PAN), Jorge Romero, respecto al concepto de familia y al derecho a la vida. En conferencia de prensa, Gustavo Balderas, presidente del FNF Xalapa, inform\u00f3 que, al [&hellip;]<\/p>\n","protected":false},"author":2476,"featured_media":72454,"comment_status":"open","ping_status":"open","sticky":false,"template":"","format":"standard","meta":{"_jetpack_memberships_contains_paid_content":false,"footnotes":""},"categories":[2],"tags":[],"class_list":["post-72453","post","type-post","status-publish","format-standard","has-post-thumbnail","hentry","category-estado"],"jetpack_featured_media_url":"https:\/\/encuentroinformativo.com.mx\/wp-content\/uploads\/2025\/10\/IMG-20251030-WA0094.jpg","jetpack_sharing_enabled":true,"jetpack_likes_enabled":true,"amp_enabled":true,"_links":{"self":[{"href":"https:\/\/encuentroinformativo.com.mx\/index.php?rest_route=\/wp\/v2\/posts\/72453","targetHints":{"allow":["GET"]}}],"collection":[{"href":"https:\/\/encuentroinformativo.com.mx\/index.php?rest_route=\/wp\/v2\/posts"}],"about":[{"href":"https:\/\/encuentroinformativo.com.mx\/index.php?rest_route=\/wp\/v2\/types\/post"}],"author":[{"embeddable":true,"href":"https:\/\/encuentroinformativo.com.mx\/index.php?rest_route=\/wp\/v2\/users\/2476"}],"replies":[{"embeddable":true,"href":"https:\/\/encuentroinformativo.com.mx\/index.php?rest_route=%2Fwp%2Fv2%2Fcomments&post=72453"}],"version-history":[{"count":1,"href":"https:\/\/encuentroinformativo.com.mx\/index.php?rest_route=\/wp\/v2\/posts\/72453\/revisions"}],"predecessor-version":[{"id":72455,"href":"https:\/\/encuentroinformativo.com.mx\/index.php?rest_route=\/wp\/v2\/posts\/72453\/revisions\/72455"}],"wp:featuredmedia":[{"embeddable":true,"href":"https:\/\/encuentroinformativo.com.mx\/index.php?rest_route=\/wp\/v2\/media\/72454"}],"wp:attachment":[{"href":"https:\/\/encuentroinformativo.com.mx\/index.php?rest_route=%2Fwp%2Fv2%2Fmedia&parent=72453"}],"wp:term":[{"taxonomy":"category","embeddable":true,"href":"https:\/\/encuentroinformativo.com.mx\/index.php?rest_route=%2Fwp%2Fv2%2Fcategories&post=72453"},{"taxonomy":"post_tag","embeddable":true,"href":"https:\/\/encuentroinformativo.com.mx\/index.php?rest_route=%2Fwp%2Fv2%2Ftags&post=72453"}],"curies":[{"name":"wp","href":"https:\/\/api.w.org\/{rel}","templated":true}]}}