{"id":72464,"date":"2025-10-30T16:57:39","date_gmt":"2025-10-30T22:57:39","guid":{"rendered":"https:\/\/encuentroinformativo.com.mx\/?p=72464"},"modified":"2025-10-30T16:57:39","modified_gmt":"2025-10-30T22:57:39","slug":"estima-canacintra-perdidas-por-mas-de-60-mmdp-en-zona-norte","status":"publish","type":"post","link":"https:\/\/encuentroinformativo.com.mx\/?p=72464","title":{"rendered":"Estima CANACINTRA p\u00e9rdidas por m\u00e1s de 60 mmdp en zona norte"},"content":{"rendered":"<p><strong>Dar\u00edo Pale<\/strong><\/p>\n<p>Xalapa, Ver.- La C\u00e1mara Nacional de la Industria de Transformaci\u00f3n (Canacintra) advirti\u00f3 que la reactivaci\u00f3n econ\u00f3mica de Poza Rica, Tuxpan y \u00c1lamo podr\u00eda tardar al menos dos a tres a\u00f1os, luego de las severas afectaciones por las inundaciones recientes, que han dejado p\u00e9rdidas preliminares estimadas en 60 mil millones de pesos, seg\u00fan c\u00e1lculos t\u00e9cnicos de Banamex.<\/p>\n<p>Juan Manuel Garc\u00eda Gonz\u00e1lez vicepresidente nacional zona Golfo Centro de la CANACINTRA, dio a conocer que la presidenta nacional de Canacintra sostuvo una reuni\u00f3n en Ciudad de M\u00e9xico con la delegaci\u00f3n Poza Rica, donde se expuso el impacto cr\u00edtico que enfrentan los sectores productivos y sus trabajadores, ante lo cual pidieron que los apoyos gubernamentales no se limiten a la etapa de limpieza, sino que apunten a una recuperaci\u00f3n profunda de la econom\u00eda regional.<\/p>\n<p>\u201cEs muy preocupante el empresario, pero es m\u00e1s preocupante los colaboradores. Muchos negocios est\u00e1n en p\u00e9rdidas totales y no hemos terminado ni siquiera la limpieza\u201d, advirti\u00f3 la representaci\u00f3n empresarial.<\/p>\n<p>Las ramas m\u00e1s afectadas son, Industria automotriz, metalmec\u00e1nica, agroindustria, gastronom\u00eda y comercio.<\/p>\n<p>La situaci\u00f3n en \u00c1lamo se calific\u00f3 como \u201cangustiante\u201d, especialmente por los da\u00f1os a cultivos y la infraestructura productiva.<\/p>\n<p>El sector industrial record\u00f3 que la vocaci\u00f3n petrolera que impuls\u00f3 hist\u00f3ricamente a Poza Rica ya no representa una fuente de estabilidad econ\u00f3mica, y la emergencia magn\u00edfica los efectos de a\u00f1os de desaceleraci\u00f3n.<\/p>\n<p>Por ello plantean un cambio de modelo econ\u00f3mico, evaluando nuevas industrias y cadenas productivas para sostener la zona.<\/p>\n<p>Canacintra inform\u00f3 que a partir de la pr\u00f3xima semana se buscar\u00e1 un plan especial con Infonavit para, aplazar pagos de vivienda, dar liquidez a trabajadores, evitar despidos y cierres definitivos.<\/p>\n<p>\u201cNo porque quieran van a cerrar, sino porque ya no pueden continuar. Hay compa\u00f1eros que ni siquiera han podido iniciar la limpieza de sus negocios.\u201d<\/p>\n<p>La c\u00e1mara rechaz\u00f3 el incremento de precios en bienes esenciales y servicios, tras detectarse, el huevo hasta en 200 pesos, lavado de autos a m\u00e1s de 2 mil pesos, otros servicios con tarifas desproporcionadas<\/p>\n<p>\u201cEso no es apoyo, es abuso e inhumanidad. Hoy es tiempo de solidaridad\u201d, se\u00f1al\u00f3.<\/p>\n<p>Aunque ya se dispersan recursos en apoyo a los afectados, empresarios advierten, el dinero alcanzar\u00e1 solo para limpiar, la emergencia \u201cni siquiera ha mostrado su cara completa\u201d.<\/p>\n<p>La prioridad debe ser reactivar la fuerza laboral y mantener empleos<\/p>\n<p>Canacintra insisti\u00f3 en que el enfoque inmediato debe ser reactivar la econom\u00eda para evitar un colapso mayor en las fuentes de empleo, pues a\u00fan se desconoce el n\u00famero total de negocios y trabajadores afectados, que calificaron como \u201csecundario\u201d frente al reto de volver a operar.<\/p>\n","protected":false},"excerpt":{"rendered":"<p>Dar\u00edo Pale Xalapa, Ver.- La C\u00e1mara Nacional de la Industria de Transformaci\u00f3n (Canacintra) advirti\u00f3 que la reactivaci\u00f3n econ\u00f3mica de Poza Rica, Tuxpan y \u00c1lamo podr\u00eda tardar al menos dos a tres a\u00f1os, luego de las severas afectaciones por las inundaciones recientes, que han dejado p\u00e9rdidas preliminares estimadas en 60 mil millones de pesos, seg\u00fan c\u00e1lculos [&hellip;]<\/p>\n","protected":false},"author":2476,"featured_media":72463,"comment_status":"open","ping_status":"open","sticky":false,"template":"","format":"standard","meta":{"_jetpack_memberships_contains_paid_content":false,"footnotes":""},"categories":[2],"tags":[],"class_list":["post-72464","post","type-post","status-publish","format-standard","has-post-thumbnail","hentry","category-estado"],"jetpack_featured_media_url":"https:\/\/encuentroinformativo.com.mx\/wp-content\/uploads\/2025\/10\/IMG-20251030-WA02122.jpg","jetpack_sharing_enabled":true,"jetpack_likes_enabled":true,"amp_enabled":true,"_links":{"self":[{"href":"https:\/\/encuentroinformativo.com.mx\/index.php?rest_route=\/wp\/v2\/posts\/72464","targetHints":{"allow":["GET"]}}],"collection":[{"href":"https:\/\/encuentroinformativo.com.mx\/index.php?rest_route=\/wp\/v2\/posts"}],"about":[{"href":"https:\/\/encuentroinformativo.com.mx\/index.php?rest_route=\/wp\/v2\/types\/post"}],"author":[{"embeddable":true,"href":"https:\/\/encuentroinformativo.com.mx\/index.php?rest_route=\/wp\/v2\/users\/2476"}],"replies":[{"embeddable":true,"href":"https:\/\/encuentroinformativo.com.mx\/index.php?rest_route=%2Fwp%2Fv2%2Fcomments&post=72464"}],"version-history":[{"count":1,"href":"https:\/\/encuentroinformativo.com.mx\/index.php?rest_route=\/wp\/v2\/posts\/72464\/revisions"}],"predecessor-version":[{"id":72465,"href":"https:\/\/encuentroinformativo.com.mx\/index.php?rest_route=\/wp\/v2\/posts\/72464\/revisions\/72465"}],"wp:featuredmedia":[{"embeddable":true,"href":"https:\/\/encuentroinformativo.com.mx\/index.php?rest_route=\/wp\/v2\/media\/72463"}],"wp:attachment":[{"href":"https:\/\/encuentroinformativo.com.mx\/index.php?rest_route=%2Fwp%2Fv2%2Fmedia&parent=72464"}],"wp:term":[{"taxonomy":"category","embeddable":true,"href":"https:\/\/encuentroinformativo.com.mx\/index.php?rest_route=%2Fwp%2Fv2%2Fcategories&post=72464"},{"taxonomy":"post_tag","embeddable":true,"href":"https:\/\/encuentroinformativo.com.mx\/index.php?rest_route=%2Fwp%2Fv2%2Ftags&post=72464"}],"curies":[{"name":"wp","href":"https:\/\/api.w.org\/{rel}","templated":true}]}}