{"id":72469,"date":"2025-10-30T18:36:49","date_gmt":"2025-10-31T00:36:49","guid":{"rendered":"https:\/\/encuentroinformativo.com.mx\/?p=72469"},"modified":"2025-10-30T18:36:49","modified_gmt":"2025-10-31T00:36:49","slug":"se-reforzara-promocion-para-la-antigua-gobernadora","status":"publish","type":"post","link":"https:\/\/encuentroinformativo.com.mx\/?p=72469","title":{"rendered":"Se reforzar\u00e1 promoci\u00f3n para La Antigua: Gobernadora"},"content":{"rendered":"<p><strong>* La mandataria acudi\u00f3 a la celebraci\u00f3n por los 500 a\u00f1os de su fundaci\u00f3n.<\/strong><\/p>\n<p><strong>Dar\u00edo Pale<\/strong><\/p>\n<p>Xalapa, Ver.- La gobernadora de Veracruz, Roc\u00edo Nahle Garc\u00eda, celebr\u00f3 la conmemoraci\u00f3n de los 500 a\u00f1os de La Antigua y destac\u00f3 la importancia hist\u00f3rica de este municipio para Veracruz y para M\u00e9xico, al ser uno de los primeros asentamientos coloniales del pa\u00eds.<\/p>\n<p>Tras encabezar los actos conmemorativos, la mandataria veracruzana expres\u00f3 su satisfacci\u00f3n porque la presidenta de la Rep\u00fablica otorg\u00f3 recientemente la certificaci\u00f3n que acredita a La Antigua como sitio hist\u00f3rico de la naci\u00f3n, reconocimiento que permitir\u00e1 reforzar su preservaci\u00f3n y proyecci\u00f3n cultural.<\/p>\n<p>\u201cFeliz de estar aqu\u00ed en los 500 a\u00f1os de La Antigua, es un gran rengl\u00f3n en la historia de M\u00e9xico. Y tambi\u00e9n feliz de que nuestra presidenta haya dado la certificaci\u00f3n para que La Antigua sea un monumento, un sitio hist\u00f3rico de la naci\u00f3n\u201d, afirm\u00f3.<\/p>\n<p>Consultada sobre posibles inversiones para este municipio, Nahle Garc\u00eda adelant\u00f3 que el gobierno estatal iniciar\u00e1 una estrategia de promoci\u00f3n tur\u00edstica y educativa para que m\u00e1s visitantes y estudiantes conozcan este punto emblem\u00e1tico.<\/p>\n<p>\u201cVamos a empezar con una promoci\u00f3n para que las escuelas vengan, que hagan recorrido, que conozcan La Antigua, nuestros j\u00f3venes, nuestros estudiantes\u201d, se\u00f1al\u00f3.<\/p>\n<p>Agreg\u00f3 que se busca integrar al municipio a los principales circuitos tur\u00edsticos del estado, entre ellos la Ruta del Caf\u00e9, San Juan de Ul\u00faa y la Ruta de Los Tuxtlas, de manera que quienes lleguen al puerto de Veracruz tengan este sitio como una visita obligada.<\/p>\n<p>\u201cCuando llegan los turistas al puerto de Veracruz, que este sea un punto de visita. Es extender todo, no aislar\u201d, subray\u00f3.<\/p>\n<p>Finalmente la gobernadora reiter\u00f3 que La Antigua, con su riqueza patrimonial que incluye la antigua Casa de Cort\u00e9s y monumentos del periodo virreinal, forma parte fundamental de la identidad veracruzana y nacional.<\/p>\n","protected":false},"excerpt":{"rendered":"<p>* La mandataria acudi\u00f3 a la celebraci\u00f3n por los 500 a\u00f1os de su fundaci\u00f3n. Dar\u00edo Pale Xalapa, Ver.- La gobernadora de Veracruz, Roc\u00edo Nahle Garc\u00eda, celebr\u00f3 la conmemoraci\u00f3n de los 500 a\u00f1os de La Antigua y destac\u00f3 la importancia hist\u00f3rica de este municipio para Veracruz y para M\u00e9xico, al ser uno de los primeros asentamientos [&hellip;]<\/p>\n","protected":false},"author":2476,"featured_media":72470,"comment_status":"open","ping_status":"open","sticky":false,"template":"","format":"standard","meta":{"_jetpack_memberships_contains_paid_content":false,"footnotes":""},"categories":[2],"tags":[],"class_list":["post-72469","post","type-post","status-publish","format-standard","has-post-thumbnail","hentry","category-estado"],"jetpack_featured_media_url":"https:\/\/encuentroinformativo.com.mx\/wp-content\/uploads\/2025\/10\/IMG-20251030-WA020312-scaled.jpg","jetpack_sharing_enabled":true,"jetpack_likes_enabled":true,"amp_enabled":true,"_links":{"self":[{"href":"https:\/\/encuentroinformativo.com.mx\/index.php?rest_route=\/wp\/v2\/posts\/72469","targetHints":{"allow":["GET"]}}],"collection":[{"href":"https:\/\/encuentroinformativo.com.mx\/index.php?rest_route=\/wp\/v2\/posts"}],"about":[{"href":"https:\/\/encuentroinformativo.com.mx\/index.php?rest_route=\/wp\/v2\/types\/post"}],"author":[{"embeddable":true,"href":"https:\/\/encuentroinformativo.com.mx\/index.php?rest_route=\/wp\/v2\/users\/2476"}],"replies":[{"embeddable":true,"href":"https:\/\/encuentroinformativo.com.mx\/index.php?rest_route=%2Fwp%2Fv2%2Fcomments&post=72469"}],"version-history":[{"count":1,"href":"https:\/\/encuentroinformativo.com.mx\/index.php?rest_route=\/wp\/v2\/posts\/72469\/revisions"}],"predecessor-version":[{"id":72471,"href":"https:\/\/encuentroinformativo.com.mx\/index.php?rest_route=\/wp\/v2\/posts\/72469\/revisions\/72471"}],"wp:featuredmedia":[{"embeddable":true,"href":"https:\/\/encuentroinformativo.com.mx\/index.php?rest_route=\/wp\/v2\/media\/72470"}],"wp:attachment":[{"href":"https:\/\/encuentroinformativo.com.mx\/index.php?rest_route=%2Fwp%2Fv2%2Fmedia&parent=72469"}],"wp:term":[{"taxonomy":"category","embeddable":true,"href":"https:\/\/encuentroinformativo.com.mx\/index.php?rest_route=%2Fwp%2Fv2%2Fcategories&post=72469"},{"taxonomy":"post_tag","embeddable":true,"href":"https:\/\/encuentroinformativo.com.mx\/index.php?rest_route=%2Fwp%2Fv2%2Ftags&post=72469"}],"curies":[{"name":"wp","href":"https:\/\/api.w.org\/{rel}","templated":true}]}}