{"id":72474,"date":"2025-10-31T08:26:19","date_gmt":"2025-10-31T14:26:19","guid":{"rendered":"https:\/\/encuentroinformativo.com.mx\/?p=72474"},"modified":"2025-10-31T08:26:19","modified_gmt":"2025-10-31T14:26:19","slug":"dia-de-muertos-2","status":"publish","type":"post","link":"https:\/\/encuentroinformativo.com.mx\/?p=72474","title":{"rendered":"D\u00cdA DE MUERTOS"},"content":{"rendered":"<p dir=\"ltr\"><strong>Los Pol\u00edticos<\/strong><\/p>\n<p dir=\"ltr\"><strong>Salvador Mu\u00f1oz<\/strong><\/p>\n<p dir=\"ltr\">En Veracruz, el D\u00eda de Muertos no necesita altar: basta abrir los pocos peri\u00f3dicos que circulan o entrar a las redes sociales.<\/p>\n<p dir=\"ltr\">Las ofrendas ya est\u00e1n puestas; los santos \u00f3leos pol\u00edticos, listos; y los vivos\u2026 \u00e9sos siguen pele\u00e1ndose por ver qui\u00e9n se queda con el cempas\u00fachil del poder\u2026 o librando la Cuenta P\u00fablica 2024.<\/p>\n<p dir=\"ltr\">Mientras en el norte del estado la tragedia sigue dejando velas encendidas y familias rotas, en las redes los pol\u00edticos reparten pan de muerto sin remordimiento. Eso s\u00ed, con discursos llenos de \u201cBienestar\u201d y fotos para el Facebook. La muerte, tan sabia, los mira y apunta en su libreta: \u201cestos tambi\u00e9n tienen cita, pero de seguro en las urnas\u2026\u201d y no precisamente las que contienen cenizas\u2026 ya tienen la mira fija en el 2027.<\/p>\n<p dir=\"ltr\">El Congreso local, por su parte, se disfraz\u00f3 de pel\u00edcula de terror: qu\u00f3rum roto, insultos entre diputados, pleitos y caras largas. Ni en Halloween se ven m\u00e1scaras tan feas.<\/p>\n<p dir=\"ltr\">Los panistas reaparecieron con el entusiasmo de Frankenstein al despertar: dicen que es un \u201crelanzamiento\u201d, pero con los mismos tornillos oxidados. Al menos, se agradece la coherencia: si algo saben hacer bien, es volver del m\u00e1s all\u00e1\u2026 lo que esperan igual los pri\u00edstas.<\/p>\n<p dir=\"ltr\">Y hablando de resurrecciones, los murmullos ya suenan fuerte en los pasillos de Palacio: que si la revocaci\u00f3n de mandato, que si la \u201cvoluntad del pueblo\u201d, que si \u201cel pueblo soy yo\u201d. Pero el pueblo, ocupado entre sobrevivir y pagar la luz, ya no sabe si firmar por la revocaci\u00f3n o por un milagro o el \u201crecibido\u201d por el cheque del Bienestar.<\/p>\n<p dir=\"ltr\">Por otro lado, el Verde Ecologista parece haberse quedado sin su gallo para 2030. Ni canto ni vuelo de tuc\u00e1n; el partido anda m\u00e1s silencioso que pante\u00f3n en lunes. Quiz\u00e1 est\u00e1n esperando que alg\u00fan alma se levante con suficiente entusiasmo (o presupuesto) para hacer campa\u00f1a, porque Javier Herrera, ni sus plumas\u2026<\/p>\n<p dir=\"ltr\">Mientras tanto, las calacas se pasean por los pasillos municipales. En Minatitl\u00e1n, la huesuda visit\u00f3 a Carmen Medel, quien entre chisme y sonrisa ya tiene asegurado su nuevo altar en el gabinete. Dicen que cuando la flaca le pregunt\u00f3 si dejar\u00eda la alcald\u00eda, ella contest\u00f3: \u201c\u00a1Despu\u00e9s de enero, tengo nuevo pante\u00f3n!\u201d Y Nahle, de lejos, aplaudi\u00f3.<\/p>\n<p dir=\"ltr\">El clima pol\u00edtico huele a incienso y p\u00f3lvora: a unos los velan por adelantado, a otros los preparan para exhumaci\u00f3n pol\u00edtica, y m\u00e1s de uno ya se viste de candidato\u2026 pero con ayuda de un tanatoesteta\u2026 \u00a1Ah\u00ed te hablan, H\u00e9ctor!<\/p>\n<p dir=\"ltr\">As\u00ed que, entre catrinas y revocaciones, Veracruz celebra su propio D\u00eda de Muertos Pol\u00edticos, donde nadie se salva: unos pierden credenciales, otros dignidad, y unos cuantos hasta el miedo. Porque si algo nos ense\u00f1a esta tierra bendita, es que aqu\u00ed, hasta los difuntos hacen fila\u2026 para volver a postularse\u2026 porque en pol\u00edtica, no hay muertos.<\/p>\n","protected":false},"excerpt":{"rendered":"<p>Los Pol\u00edticos Salvador Mu\u00f1oz En Veracruz, el D\u00eda de Muertos no necesita altar: basta abrir los pocos peri\u00f3dicos que circulan o entrar a las redes sociales. Las ofrendas ya est\u00e1n puestas; los santos \u00f3leos pol\u00edticos, listos; y los vivos\u2026 \u00e9sos siguen pele\u00e1ndose por ver qui\u00e9n se queda con el cempas\u00fachil del poder\u2026 o librando la [&hellip;]<\/p>\n","protected":false},"author":2476,"featured_media":387,"comment_status":"open","ping_status":"open","sticky":false,"template":"","format":"standard","meta":{"_jetpack_memberships_contains_paid_content":false,"footnotes":""},"categories":[11],"tags":[],"class_list":["post-72474","post","type-post","status-publish","format-standard","has-post-thumbnail","hentry","category-opinion"],"jetpack_featured_media_url":"https:\/\/encuentroinformativo.com.mx\/wp-content\/uploads\/2020\/03\/7CF8A22B-2764-47BE-8F7F-38FE9E5D6A2F.jpeg","jetpack_sharing_enabled":true,"jetpack_likes_enabled":true,"amp_enabled":true,"_links":{"self":[{"href":"https:\/\/encuentroinformativo.com.mx\/index.php?rest_route=\/wp\/v2\/posts\/72474","targetHints":{"allow":["GET"]}}],"collection":[{"href":"https:\/\/encuentroinformativo.com.mx\/index.php?rest_route=\/wp\/v2\/posts"}],"about":[{"href":"https:\/\/encuentroinformativo.com.mx\/index.php?rest_route=\/wp\/v2\/types\/post"}],"author":[{"embeddable":true,"href":"https:\/\/encuentroinformativo.com.mx\/index.php?rest_route=\/wp\/v2\/users\/2476"}],"replies":[{"embeddable":true,"href":"https:\/\/encuentroinformativo.com.mx\/index.php?rest_route=%2Fwp%2Fv2%2Fcomments&post=72474"}],"version-history":[{"count":1,"href":"https:\/\/encuentroinformativo.com.mx\/index.php?rest_route=\/wp\/v2\/posts\/72474\/revisions"}],"predecessor-version":[{"id":72475,"href":"https:\/\/encuentroinformativo.com.mx\/index.php?rest_route=\/wp\/v2\/posts\/72474\/revisions\/72475"}],"wp:featuredmedia":[{"embeddable":true,"href":"https:\/\/encuentroinformativo.com.mx\/index.php?rest_route=\/wp\/v2\/media\/387"}],"wp:attachment":[{"href":"https:\/\/encuentroinformativo.com.mx\/index.php?rest_route=%2Fwp%2Fv2%2Fmedia&parent=72474"}],"wp:term":[{"taxonomy":"category","embeddable":true,"href":"https:\/\/encuentroinformativo.com.mx\/index.php?rest_route=%2Fwp%2Fv2%2Fcategories&post=72474"},{"taxonomy":"post_tag","embeddable":true,"href":"https:\/\/encuentroinformativo.com.mx\/index.php?rest_route=%2Fwp%2Fv2%2Ftags&post=72474"}],"curies":[{"name":"wp","href":"https:\/\/api.w.org\/{rel}","templated":true}]}}