{"id":72476,"date":"2025-10-31T12:14:43","date_gmt":"2025-10-31T18:14:43","guid":{"rendered":"https:\/\/encuentroinformativo.com.mx\/?p=72476"},"modified":"2025-10-31T12:14:43","modified_gmt":"2025-10-31T18:14:43","slug":"pri-crecio-en-aceptacion-en-el-2025-segun-dirigente","status":"publish","type":"post","link":"https:\/\/encuentroinformativo.com.mx\/?p=72476","title":{"rendered":"PRI creci\u00f3 en aceptaci\u00f3n en el 2025, seg\u00fan dirigente"},"content":{"rendered":"<p><strong>Dar\u00edo Pale<\/strong><\/p>\n<p>Xalapa, Ver.- El dirigente estatal del PRI en Veracruz, Adolfo Ram\u00edrez Arana, afirm\u00f3 que el partido se mantiene fuerte y con crecimiento rumbo al proceso electoral de 2027, al tiempo que se declar\u00f3 abierto a una posible alianza con otras fuerzas pol\u00edticas, aunque asegur\u00f3 que est\u00e1n preparados para competir en solitario.<\/p>\n<p>Durante una conferencia de prensa, el l\u00edder priista se\u00f1al\u00f3 que, contrario al PAN, el PRI increment\u00f3 su votaci\u00f3n en la elecci\u00f3n municipal de 2025 cuando compitieron sin coalici\u00f3n, por lo que asegur\u00f3 que ya son la principal fuerza de oposici\u00f3n en la entidad.<\/p>\n<p>\u201cEl PRI se declara pro-aliancista, pero siempre estamos trabajando para ir solos o en alianza. Nuestro partido creci\u00f3 en 2025 respecto a 2021, mientras el PAN cay\u00f3 exponencialmente\u201d, refiri\u00f3.<\/p>\n<p>Ram\u00edrez Arana sostuvo que el actual escenario pol\u00edtico en Veracruz demanda una oposici\u00f3n firme.<\/p>\n<p>El dirigente cuestion\u00f3 la posici\u00f3n del PAN en el Congreso local, luego de que legisladores blanquiazules se abstuvieran en la votaci\u00f3n de la Cuenta P\u00fablica 2024, mientras que el PRI la rechaz\u00f3 en bloque.<\/p>\n<p>\u201cHabr\u00eda que preguntarles por qu\u00e9 se abstienen y no votan en contra. Nosotros no estamos de acuerdo con el dictamen de la Comisi\u00f3n de Vigilancia, creemos que debe ser m\u00e1s riguroso para evitar un desfalco al dinero de los veracruzanos\u201d, sostuvo.<\/p>\n<p>PRI: \u201cLa oposici\u00f3n real en Veracruz\u201d<\/p>\n<p>El dirigente estatal finaliz\u00f3 asegurando que el PRI es el \u00fanico partido que se mantiene firme sin negociar con el gobierno estatal.<\/p>\n<p>\u201cEl PRI es el \u00fanico que se mantiene firme como oposici\u00f3n. MC ha sido un lacayo del gobierno y el PAN un c\u00f3mplice\u201d, acus\u00f3.<\/p>\n<p>Finalmente Ram\u00edrez Arana afirm\u00f3 que ya trabajan en la construcci\u00f3n de cuadros y perfiles competitivos para el 2027, con el objetivo de ganar diputaciones y gobiernos municipales, ya sea en alianza o en solitario.<\/p>\n","protected":false},"excerpt":{"rendered":"<p>Dar\u00edo Pale Xalapa, Ver.- El dirigente estatal del PRI en Veracruz, Adolfo Ram\u00edrez Arana, afirm\u00f3 que el partido se mantiene fuerte y con crecimiento rumbo al proceso electoral de 2027, al tiempo que se declar\u00f3 abierto a una posible alianza con otras fuerzas pol\u00edticas, aunque asegur\u00f3 que est\u00e1n preparados para competir en solitario. Durante una [&hellip;]<\/p>\n","protected":false},"author":2476,"featured_media":72477,"comment_status":"open","ping_status":"open","sticky":false,"template":"","format":"standard","meta":{"_jetpack_memberships_contains_paid_content":false,"footnotes":""},"categories":[2],"tags":[],"class_list":["post-72476","post","type-post","status-publish","format-standard","has-post-thumbnail","hentry","category-estado"],"jetpack_featured_media_url":"https:\/\/encuentroinformativo.com.mx\/wp-content\/uploads\/2025\/10\/IMG-20251031-WA0164.jpg","jetpack_sharing_enabled":true,"jetpack_likes_enabled":true,"amp_enabled":true,"_links":{"self":[{"href":"https:\/\/encuentroinformativo.com.mx\/index.php?rest_route=\/wp\/v2\/posts\/72476","targetHints":{"allow":["GET"]}}],"collection":[{"href":"https:\/\/encuentroinformativo.com.mx\/index.php?rest_route=\/wp\/v2\/posts"}],"about":[{"href":"https:\/\/encuentroinformativo.com.mx\/index.php?rest_route=\/wp\/v2\/types\/post"}],"author":[{"embeddable":true,"href":"https:\/\/encuentroinformativo.com.mx\/index.php?rest_route=\/wp\/v2\/users\/2476"}],"replies":[{"embeddable":true,"href":"https:\/\/encuentroinformativo.com.mx\/index.php?rest_route=%2Fwp%2Fv2%2Fcomments&post=72476"}],"version-history":[{"count":1,"href":"https:\/\/encuentroinformativo.com.mx\/index.php?rest_route=\/wp\/v2\/posts\/72476\/revisions"}],"predecessor-version":[{"id":72478,"href":"https:\/\/encuentroinformativo.com.mx\/index.php?rest_route=\/wp\/v2\/posts\/72476\/revisions\/72478"}],"wp:featuredmedia":[{"embeddable":true,"href":"https:\/\/encuentroinformativo.com.mx\/index.php?rest_route=\/wp\/v2\/media\/72477"}],"wp:attachment":[{"href":"https:\/\/encuentroinformativo.com.mx\/index.php?rest_route=%2Fwp%2Fv2%2Fmedia&parent=72476"}],"wp:term":[{"taxonomy":"category","embeddable":true,"href":"https:\/\/encuentroinformativo.com.mx\/index.php?rest_route=%2Fwp%2Fv2%2Fcategories&post=72476"},{"taxonomy":"post_tag","embeddable":true,"href":"https:\/\/encuentroinformativo.com.mx\/index.php?rest_route=%2Fwp%2Fv2%2Ftags&post=72476"}],"curies":[{"name":"wp","href":"https:\/\/api.w.org\/{rel}","templated":true}]}}