{"id":72483,"date":"2025-10-31T13:00:31","date_gmt":"2025-10-31T19:00:31","guid":{"rendered":"https:\/\/encuentroinformativo.com.mx\/?p=72483"},"modified":"2025-10-31T13:00:31","modified_gmt":"2025-10-31T19:00:31","slug":"veracruz-arranca-una-nueva-era-de-movilidad-con-el-servicio-ulua","status":"publish","type":"post","link":"https:\/\/encuentroinformativo.com.mx\/?p=72483","title":{"rendered":"Veracruz arranca una nueva era de movilidad con el servicio Ul\u00faa"},"content":{"rendered":"<p><strong>* Son 102 unidades h\u00edbridas y Euro 6 en la zona conurbada.<\/strong><\/p>\n<p><strong>* Las unidades h\u00edbridas reducen emisiones contaminantes.<\/strong><\/p>\n<p>Boca del R\u00edo, Ver.- Con el banderazo de arranque del servicio de transporte Ul\u00faa, la gobernadora Roc\u00edo Nahle Garc\u00eda puso en marcha la primera etapa del nuevo sistema de movilidad urbana en la conurbaci\u00f3n Veracruz\u2013Boca del R\u00edo, que integra 102 unidades h\u00edbridas y Euro 6; proyecto que forma parte de la estrategia estatal para modernizar el transporte p\u00fablico, reducir emisiones contaminantes y ofrecer un servicio eficiente, digno y sustentable.<\/p>\n<p>Desde la Plaza de los Valores, acompa\u00f1ada por autoridades estatales, municipales y concesionarios, destac\u00f3 que este sistema marca el inicio de una transformaci\u00f3n integral en la movilidad de Veracruz, al incorporar tecnolog\u00eda de \u00faltima generaci\u00f3n que combina motor di\u00e9sel y el\u00e9ctrico, con un sistema de carga interna que reduce el consumo de combustible y la contaminaci\u00f3n.<\/p>\n<p>\u201cHoy concretamos un paso muy importante para nuestro estado. Estas unidades h\u00edbridas representan el avance tecnol\u00f3gico que ya circula en pa\u00edses de Europa y en otros estados, en Veracruz iniciamos este cambio con responsabilidad, di\u00e1logo y unidad con los concesionarios, porque transportar a los veracruzanos tambi\u00e9n es un compromiso social\u201d.<\/p>\n<p>La Gobernadora anunci\u00f3 que el programa se extender\u00e1 pr\u00f3ximamente a Coatzacoalcos y Xalapa; en el sur operar\u00e1 bajo el nombre Quetzalli, mientras que en la capital se adaptar\u00e1n unidades espec\u00edficas para su topograf\u00eda y demanda, consolidando as\u00ed un modelo estatal de movilidad moderna y sustentable.<\/p>\n<p>Por su parte, el secretario t\u00e9cnico del Fideicomiso para la Modernizaci\u00f3n del Transporte P\u00fablico, Enrique Santos Mendoza, resalt\u00f3 que Ul\u00faa simboliza \u201cun paso hist\u00f3rico hacia un modelo de transporte eficiente e incluyente\u201d, resultado del trabajo coordinado entre el Gobierno del Estado, las y los concesionarios y las dependencias involucradas.<\/p>\n<p>\u201cDurante m\u00e1s de tres d\u00e9cadas, distintas administraciones olvidaron este sector. Hoy, gracias al liderazgo de la gobernadora Roc\u00edo Nahle Garc\u00eda, se concreta una acci\u00f3n integral que transforma la movilidad y mejora la calidad de vida de miles de veracruzanos. Atr\u00e1s quedar\u00e1n los camiones que llenaban las calles de humo y rezago; hoy inicia una nueva era de transporte responsable y humano\u201d, afirm\u00f3.<\/p>\n<p>En esta primera etapa, el sistema cubrir\u00e1 rutas estrat\u00e9gicas como Vargas, Boca del R\u00edo\u2013Penacho, Lagos 121\u2013Plaza Am\u00e9ricas, Lagos 121\u2013Centro, Lomas 4, Carranza, Robles, Costera\u2013Bulevar, Dorado\u2013Am\u00e9ricas y Dorado; el sistema de pago electr\u00f3nico mediante tarjetas se implementar\u00e1 en una segunda fase; durante la primera semana, los usuarios podr\u00e1n realizar pagos en efectivo como parte del proceso de transici\u00f3n.<\/p>\n<p>El proyecto Ul\u00faa se alinea con la visi\u00f3n nacional impulsada por la presidenta Claudia Sheinbaum Pardo, en concordancia con los Objetivos de Desarrollo Sostenible de la Agenda 2030, fortaleciendo la movilidad sustentable y el bienestar social.<\/p>\n<p>En representaci\u00f3n del gremio transportista, la concesionaria de la ruta Carranza, Ana Brenda Morales Luna, reconoci\u00f3 el respaldo del Gobierno del Estado, \u201cdurante 14 a\u00f1os el sector estuvo en rezago, pero hoy, gracias al liderazgo de la gobernadora, vemos un cambio real que genera oportunidades econ\u00f3micas y sociales, y mejora la calidad de vida de los veracruzanos\u201d.<\/p>\n","protected":false},"excerpt":{"rendered":"<p>* Son 102 unidades h\u00edbridas y Euro 6 en la zona conurbada. * Las unidades h\u00edbridas reducen emisiones contaminantes. Boca del R\u00edo, Ver.- Con el banderazo de arranque del servicio de transporte Ul\u00faa, la gobernadora Roc\u00edo Nahle Garc\u00eda puso en marcha la primera etapa del nuevo sistema de movilidad urbana en la conurbaci\u00f3n Veracruz\u2013Boca del [&hellip;]<\/p>\n","protected":false},"author":2476,"featured_media":72484,"comment_status":"open","ping_status":"open","sticky":false,"template":"","format":"standard","meta":{"_jetpack_memberships_contains_paid_content":false,"footnotes":""},"categories":[2],"tags":[],"class_list":["post-72483","post","type-post","status-publish","format-standard","has-post-thumbnail","hentry","category-estado"],"jetpack_featured_media_url":"https:\/\/encuentroinformativo.com.mx\/wp-content\/uploads\/2025\/10\/IMG-20251031-WA0107-scaled.jpg","jetpack_sharing_enabled":true,"jetpack_likes_enabled":true,"amp_enabled":true,"_links":{"self":[{"href":"https:\/\/encuentroinformativo.com.mx\/index.php?rest_route=\/wp\/v2\/posts\/72483","targetHints":{"allow":["GET"]}}],"collection":[{"href":"https:\/\/encuentroinformativo.com.mx\/index.php?rest_route=\/wp\/v2\/posts"}],"about":[{"href":"https:\/\/encuentroinformativo.com.mx\/index.php?rest_route=\/wp\/v2\/types\/post"}],"author":[{"embeddable":true,"href":"https:\/\/encuentroinformativo.com.mx\/index.php?rest_route=\/wp\/v2\/users\/2476"}],"replies":[{"embeddable":true,"href":"https:\/\/encuentroinformativo.com.mx\/index.php?rest_route=%2Fwp%2Fv2%2Fcomments&post=72483"}],"version-history":[{"count":1,"href":"https:\/\/encuentroinformativo.com.mx\/index.php?rest_route=\/wp\/v2\/posts\/72483\/revisions"}],"predecessor-version":[{"id":72485,"href":"https:\/\/encuentroinformativo.com.mx\/index.php?rest_route=\/wp\/v2\/posts\/72483\/revisions\/72485"}],"wp:featuredmedia":[{"embeddable":true,"href":"https:\/\/encuentroinformativo.com.mx\/index.php?rest_route=\/wp\/v2\/media\/72484"}],"wp:attachment":[{"href":"https:\/\/encuentroinformativo.com.mx\/index.php?rest_route=%2Fwp%2Fv2%2Fmedia&parent=72483"}],"wp:term":[{"taxonomy":"category","embeddable":true,"href":"https:\/\/encuentroinformativo.com.mx\/index.php?rest_route=%2Fwp%2Fv2%2Fcategories&post=72483"},{"taxonomy":"post_tag","embeddable":true,"href":"https:\/\/encuentroinformativo.com.mx\/index.php?rest_route=%2Fwp%2Fv2%2Ftags&post=72483"}],"curies":[{"name":"wp","href":"https:\/\/api.w.org\/{rel}","templated":true}]}}