{"id":72486,"date":"2025-10-31T15:11:46","date_gmt":"2025-10-31T21:11:46","guid":{"rendered":"https:\/\/encuentroinformativo.com.mx\/?p=72486"},"modified":"2025-10-31T15:11:46","modified_gmt":"2025-10-31T21:11:46","slug":"compromiso-ambiental-a-futuro-modernizar-la-movilidad-marcelo-ruiz","status":"publish","type":"post","link":"https:\/\/encuentroinformativo.com.mx\/?p=72486","title":{"rendered":"Compromiso ambiental a futuro, modernizar la movilidad: Marcelo Ruiz"},"content":{"rendered":"<p><strong>Alejandro \u00c1vila<\/strong><\/p>\n<p>Veracruz, Ver.- Posterior al inicio formal del nuevo servicio de transporte urbano Ul\u00faa, el diputado Carlos Marcelo Ruiz reconoci\u00f3 la relevancia de este proyecto como un paso firme hacia una movilidad moderna, sustentable e incluyente para Veracruz.<\/p>\n<p>\u201cEl Servicio Ul\u00faa representa una transformaci\u00f3n profunda en el transporte p\u00fablico de nuestro estado. La incorporaci\u00f3n de 102 unidades \u201495 h\u00edbridas y 7 Euro 6\u2014 marca el inicio de una nueva etapa que prioriza la eficiencia, el confort de los usuarios y, sobre todo, la protecci\u00f3n del medio ambiente\u201d, se\u00f1al\u00f3 el legislador.<\/p>\n<p>Destac\u00f3 que este avance es resultado del trabajo coordinado entre el Gobierno de Veracruz y los concesionarios del transporte p\u00fablico, quienes \u2014dijo\u2014 han demostrado compromiso con la modernizaci\u00f3n y con el bienestar de las y los veracruzanos.<\/p>\n<p>\u201cCon acciones como \u00e9sta, nuestra Gobernadora Roc\u00edo Nahle Garc\u00eda confirma su visi\u00f3n de un Veracruz que avanza con responsabilidad social y ambiental. Modernizar el transporte no solo mejora la movilidad, tambi\u00e9n mejora la calidad del aire y la salud de nuestras ciudades\u201d, a\u00f1adi\u00f3.<\/p>\n<p>El Diputado subray\u00f3 que este modelo de transporte sustentable est\u00e1 en sinton\u00eda con la pol\u00edtica nacional impulsada por la Presidenta Claudia Sheinbaum Pardo, enfocada en promover un desarrollo sostenible que se alinea con Objetivo 11 de Ciudades y Comunidades Sostenibles de la Agenda 2030.<\/p>\n<p>Asimismo, reconoci\u00f3 las palabras de Ana Brenda Morales Luna, representante de AstraVer A.C., quien en nombre de las y los transportistas agradeci\u00f3 a la Gobernadora por su visi\u00f3n y apoyo para concretar este esfuerzo de modernizaci\u00f3n.<\/p>\n<p>\u201cLa Gobernadora est\u00e1 haciendo un trabajo responsable y con rumbo. Prueba de ello es que las y los concesionarios se han sumado con entusiasmo a este esfuerzo por transformar el transporte p\u00fablico en un modelo m\u00e1s eficiente y respetuoso con el medio ambiente\u201d, afirm\u00f3.<\/p>\n<p>Finalmente, el legislador destac\u00f3 que el Servicio Ul\u00faa ser\u00e1 la base de una pol\u00edtica integral de movilidad sustentable, que se extender\u00e1 pr\u00f3ximamente a ciudades como Coatzacoalcos y Xalapa, fortaleciendo la infraestructura y el servicio de transporte urbano en todo el estado.<\/p>\n<p>\u201cDesde el Grupo Legislativo del Partido Verde reconocemos las acciones contundentes del Gobierno de Veracruz para cuidar la calidad del aire y avanzar hacia un modelo de transporte m\u00e1s limpio, moderno y responsable con el medio ambiente\u201d, concluy\u00f3.<\/p>\n","protected":false},"excerpt":{"rendered":"<p>Alejandro \u00c1vila Veracruz, Ver.- Posterior al inicio formal del nuevo servicio de transporte urbano Ul\u00faa, el diputado Carlos Marcelo Ruiz reconoci\u00f3 la relevancia de este proyecto como un paso firme hacia una movilidad moderna, sustentable e incluyente para Veracruz. \u201cEl Servicio Ul\u00faa representa una transformaci\u00f3n profunda en el transporte p\u00fablico de nuestro estado. La incorporaci\u00f3n [&hellip;]<\/p>\n","protected":false},"author":2476,"featured_media":72487,"comment_status":"open","ping_status":"open","sticky":false,"template":"","format":"standard","meta":{"_jetpack_memberships_contains_paid_content":false,"footnotes":""},"categories":[2],"tags":[],"class_list":["post-72486","post","type-post","status-publish","format-standard","has-post-thumbnail","hentry","category-estado"],"jetpack_featured_media_url":"https:\/\/encuentroinformativo.com.mx\/wp-content\/uploads\/2025\/10\/IMG-20251031-WA0278.jpg","jetpack_sharing_enabled":true,"jetpack_likes_enabled":true,"amp_enabled":true,"_links":{"self":[{"href":"https:\/\/encuentroinformativo.com.mx\/index.php?rest_route=\/wp\/v2\/posts\/72486","targetHints":{"allow":["GET"]}}],"collection":[{"href":"https:\/\/encuentroinformativo.com.mx\/index.php?rest_route=\/wp\/v2\/posts"}],"about":[{"href":"https:\/\/encuentroinformativo.com.mx\/index.php?rest_route=\/wp\/v2\/types\/post"}],"author":[{"embeddable":true,"href":"https:\/\/encuentroinformativo.com.mx\/index.php?rest_route=\/wp\/v2\/users\/2476"}],"replies":[{"embeddable":true,"href":"https:\/\/encuentroinformativo.com.mx\/index.php?rest_route=%2Fwp%2Fv2%2Fcomments&post=72486"}],"version-history":[{"count":1,"href":"https:\/\/encuentroinformativo.com.mx\/index.php?rest_route=\/wp\/v2\/posts\/72486\/revisions"}],"predecessor-version":[{"id":72488,"href":"https:\/\/encuentroinformativo.com.mx\/index.php?rest_route=\/wp\/v2\/posts\/72486\/revisions\/72488"}],"wp:featuredmedia":[{"embeddable":true,"href":"https:\/\/encuentroinformativo.com.mx\/index.php?rest_route=\/wp\/v2\/media\/72487"}],"wp:attachment":[{"href":"https:\/\/encuentroinformativo.com.mx\/index.php?rest_route=%2Fwp%2Fv2%2Fmedia&parent=72486"}],"wp:term":[{"taxonomy":"category","embeddable":true,"href":"https:\/\/encuentroinformativo.com.mx\/index.php?rest_route=%2Fwp%2Fv2%2Fcategories&post=72486"},{"taxonomy":"post_tag","embeddable":true,"href":"https:\/\/encuentroinformativo.com.mx\/index.php?rest_route=%2Fwp%2Fv2%2Ftags&post=72486"}],"curies":[{"name":"wp","href":"https:\/\/api.w.org\/{rel}","templated":true}]}}