{"id":72490,"date":"2025-10-31T15:32:22","date_gmt":"2025-10-31T21:32:22","guid":{"rendered":"https:\/\/encuentroinformativo.com.mx\/?p=72490"},"modified":"2025-10-31T15:32:22","modified_gmt":"2025-10-31T21:32:22","slug":"inicio-la-feria-del-tamal-en-el-parque-juarez","status":"publish","type":"post","link":"https:\/\/encuentroinformativo.com.mx\/?p=72490","title":{"rendered":"Inici\u00f3 la Feria del Tamal en el parque Ju\u00e1rez"},"content":{"rendered":"<p><strong>Dar\u00edo Pale<\/strong><\/p>\n<p>Xalapa, Ver.- Con 56 expositores instalados en el Parque Ju\u00e1rez, este viernes inici\u00f3 la Feria del Tamal, Pan y Chocolate, la \u00faltima de las siete festividades gastron\u00f3micas organizadas este a\u00f1o por el Ayuntamiento de Xalapa con el objetivo de fortalecer el comercio local y generar derrama econ\u00f3mica en la ciudad.<\/p>\n<p>El presidente municipal destac\u00f3 que el Cabildo aprob\u00f3 recientemente un acuerdo mediante el cual estas celebraciones quedan institucionalizadas, brindando certeza a productores, comerciantes y emprendedores para que contin\u00faen participando en futuras ediciones.<\/p>\n<p>\u201cEstas festividades ya quedan consolidadas, firmes, para darles certeza a quienes participan. Esta es la s\u00e9ptima del a\u00f1o y estamos impulsando la econom\u00eda local. El dinero circula y genera tranquilidad para todos\u201d, se\u00f1al\u00f3.<\/p>\n<p>El Ayuntamiento proporciona carpas y espacios de manera gratuita a los expositores, lo que permite que peque\u00f1os negocios, panader\u00edas, cocineras tradicionales y emprendedores puedan comercializar sus productos sin afectar sus m\u00e1rgenes de ganancia.<\/p>\n<p>El alcalde subray\u00f3 que cada feria beneficia a una cadena completa de valor, desde quienes procesan los insumos hasta quienes transportan y venden los productos.<\/p>\n<p>\u201cLa gente viene, participa y gasta, que es lo importante para que la econom\u00eda xalape\u00f1a est\u00e9 siempre activa\u201d, asegur\u00f3.<\/p>\n<p>El edil enfatiz\u00f3 que este tipo de eventos ya han posicionado a Xalapa a nivel nacional en materia tur\u00edstica, atrayendo visitantes que buscan disfrutar su gastronom\u00eda y cultura.<\/p>\n<p>Entre las festividades ya consolidadas se encuentran el D\u00eda del Taco, el del Pambazo, el del Chile Xalape\u00f1o y el del Chocomole, entre otros, todos integrados ahora en un calendario anual fijo.<\/p>\n<p>El alcalde adelant\u00f3 que se realizar\u00e1n dos actividades m\u00e1s antes de concluir el a\u00f1o:<\/p>\n<p>26 de noviembre: Feria de informaci\u00f3n con dependencias municipales en Parque Ju\u00e1rez<\/p>\n<p>10 de diciembre: Informe de Gobierno en el patio central del Palacio Municipal, con presentaci\u00f3n visual de obras y avances<\/p>\n<p>Destac\u00f3 que uno de los mayores logros de su gesti\u00f3n ha sido la obra p\u00fablica de gran impacto, como la nueva celda del relleno sanitario y la rehabilitaci\u00f3n de importantes avenidas y bulevares en diversas colonias.<\/p>\n<p>Sobre su futuro pol\u00edtico, respondi\u00f3 que a\u00fan no ha tomado una decisi\u00f3n, ya que su prioridad es cerrar la administraci\u00f3n \u201ctrabajando hasta el \u00faltimo d\u00eda\u201d.<\/p>\n","protected":false},"excerpt":{"rendered":"<p>Dar\u00edo Pale Xalapa, Ver.- Con 56 expositores instalados en el Parque Ju\u00e1rez, este viernes inici\u00f3 la Feria del Tamal, Pan y Chocolate, la \u00faltima de las siete festividades gastron\u00f3micas organizadas este a\u00f1o por el Ayuntamiento de Xalapa con el objetivo de fortalecer el comercio local y generar derrama econ\u00f3mica en la ciudad. El presidente municipal [&hellip;]<\/p>\n","protected":false},"author":2476,"featured_media":72491,"comment_status":"open","ping_status":"open","sticky":false,"template":"","format":"standard","meta":{"_jetpack_memberships_contains_paid_content":false,"footnotes":""},"categories":[3],"tags":[],"class_list":["post-72490","post","type-post","status-publish","format-standard","has-post-thumbnail","hentry","category-xalapa"],"jetpack_featured_media_url":"https:\/\/encuentroinformativo.com.mx\/wp-content\/uploads\/2025\/10\/IMG-20251031-WA0267.jpg","jetpack_sharing_enabled":true,"jetpack_likes_enabled":true,"amp_enabled":true,"_links":{"self":[{"href":"https:\/\/encuentroinformativo.com.mx\/index.php?rest_route=\/wp\/v2\/posts\/72490","targetHints":{"allow":["GET"]}}],"collection":[{"href":"https:\/\/encuentroinformativo.com.mx\/index.php?rest_route=\/wp\/v2\/posts"}],"about":[{"href":"https:\/\/encuentroinformativo.com.mx\/index.php?rest_route=\/wp\/v2\/types\/post"}],"author":[{"embeddable":true,"href":"https:\/\/encuentroinformativo.com.mx\/index.php?rest_route=\/wp\/v2\/users\/2476"}],"replies":[{"embeddable":true,"href":"https:\/\/encuentroinformativo.com.mx\/index.php?rest_route=%2Fwp%2Fv2%2Fcomments&post=72490"}],"version-history":[{"count":2,"href":"https:\/\/encuentroinformativo.com.mx\/index.php?rest_route=\/wp\/v2\/posts\/72490\/revisions"}],"predecessor-version":[{"id":72493,"href":"https:\/\/encuentroinformativo.com.mx\/index.php?rest_route=\/wp\/v2\/posts\/72490\/revisions\/72493"}],"wp:featuredmedia":[{"embeddable":true,"href":"https:\/\/encuentroinformativo.com.mx\/index.php?rest_route=\/wp\/v2\/media\/72491"}],"wp:attachment":[{"href":"https:\/\/encuentroinformativo.com.mx\/index.php?rest_route=%2Fwp%2Fv2%2Fmedia&parent=72490"}],"wp:term":[{"taxonomy":"category","embeddable":true,"href":"https:\/\/encuentroinformativo.com.mx\/index.php?rest_route=%2Fwp%2Fv2%2Fcategories&post=72490"},{"taxonomy":"post_tag","embeddable":true,"href":"https:\/\/encuentroinformativo.com.mx\/index.php?rest_route=%2Fwp%2Fv2%2Ftags&post=72490"}],"curies":[{"name":"wp","href":"https:\/\/api.w.org\/{rel}","templated":true}]}}