{"id":72497,"date":"2025-11-01T11:43:04","date_gmt":"2025-11-01T17:43:04","guid":{"rendered":"https:\/\/encuentroinformativo.com.mx\/?p=72497"},"modified":"2025-11-01T11:43:04","modified_gmt":"2025-11-01T17:43:04","slug":"ejecutan-a-agente-municipal-de-apazapan","status":"publish","type":"post","link":"https:\/\/encuentroinformativo.com.mx\/?p=72497","title":{"rendered":"Ejecutan a agente municipal de Apazapan"},"content":{"rendered":"<p><strong>Dar\u00edo Pale<\/strong><\/p>\n<p>Xalapa, Ver.- Un ataque armado registrado la ma\u00f1ana de este s\u00e1bado en la localidad de Carrizal, perteneciente al municipio de Emiliano Zapata, dej\u00f3 sin vida a Efra\u00edn Ruiz, agente municipal de la comunidad de Cerro Colorado, en Apazapan.<\/p>\n<p>De acuerdo con los primeros informes, la agresi\u00f3n ocurri\u00f3 cuando la v\u00edctima se encontraba a bordo de una camioneta estacionada sobre la calle Guadalupe Victoria, a escasos metros de las v\u00edas del tren. En ese momento, sujetos desconocidos se aproximaron y abrieron fuego directamente contra \u00e9l.<\/p>\n<p>Testigos alertaron a los servicios de emergencia, por lo que param\u00e9dicos de Protecci\u00f3n Civil Municipal arribaron al sitio para brindarle auxilio. Sin embargo, tras la valoraci\u00f3n inicial, confirmaron que el funcionario ya no contaba con signos vitales.<\/p>\n<p>Minutos despu\u00e9s, elementos de la Polic\u00eda Estatal aseguraron el per\u00edmetro y solicitaron la intervenci\u00f3n de la Fiscal\u00eda General del Estado (FGE) y de Servicios Periciales, quienes realizaron las diligencias correspondientes y el levantamiento del cuerpo.<\/p>\n<p>Hasta ahora, no se tiene reporte de personas detenidas en relaci\u00f3n con este crimen. Autoridades ya iniciaron una carpeta de investigaci\u00f3n para esclarecer los hechos y determinar el posible m\u00f3vil del asesinato.<\/p>\n","protected":false},"excerpt":{"rendered":"<p>Dar\u00edo Pale Xalapa, Ver.- Un ataque armado registrado la ma\u00f1ana de este s\u00e1bado en la localidad de Carrizal, perteneciente al municipio de Emiliano Zapata, dej\u00f3 sin vida a Efra\u00edn Ruiz, agente municipal de la comunidad de Cerro Colorado, en Apazapan. De acuerdo con los primeros informes, la agresi\u00f3n ocurri\u00f3 cuando la v\u00edctima se encontraba a [&hellip;]<\/p>\n","protected":false},"author":2476,"featured_media":72498,"comment_status":"open","ping_status":"open","sticky":false,"template":"","format":"standard","meta":{"_jetpack_memberships_contains_paid_content":false,"footnotes":""},"categories":[14],"tags":[],"class_list":["post-72497","post","type-post","status-publish","format-standard","has-post-thumbnail","hentry","category-policiaca"],"jetpack_featured_media_url":"https:\/\/encuentroinformativo.com.mx\/wp-content\/uploads\/2025\/11\/IMG-20251101-WA0064.jpg","jetpack_sharing_enabled":true,"jetpack_likes_enabled":true,"amp_enabled":true,"_links":{"self":[{"href":"https:\/\/encuentroinformativo.com.mx\/index.php?rest_route=\/wp\/v2\/posts\/72497","targetHints":{"allow":["GET"]}}],"collection":[{"href":"https:\/\/encuentroinformativo.com.mx\/index.php?rest_route=\/wp\/v2\/posts"}],"about":[{"href":"https:\/\/encuentroinformativo.com.mx\/index.php?rest_route=\/wp\/v2\/types\/post"}],"author":[{"embeddable":true,"href":"https:\/\/encuentroinformativo.com.mx\/index.php?rest_route=\/wp\/v2\/users\/2476"}],"replies":[{"embeddable":true,"href":"https:\/\/encuentroinformativo.com.mx\/index.php?rest_route=%2Fwp%2Fv2%2Fcomments&post=72497"}],"version-history":[{"count":1,"href":"https:\/\/encuentroinformativo.com.mx\/index.php?rest_route=\/wp\/v2\/posts\/72497\/revisions"}],"predecessor-version":[{"id":72499,"href":"https:\/\/encuentroinformativo.com.mx\/index.php?rest_route=\/wp\/v2\/posts\/72497\/revisions\/72499"}],"wp:featuredmedia":[{"embeddable":true,"href":"https:\/\/encuentroinformativo.com.mx\/index.php?rest_route=\/wp\/v2\/media\/72498"}],"wp:attachment":[{"href":"https:\/\/encuentroinformativo.com.mx\/index.php?rest_route=%2Fwp%2Fv2%2Fmedia&parent=72497"}],"wp:term":[{"taxonomy":"category","embeddable":true,"href":"https:\/\/encuentroinformativo.com.mx\/index.php?rest_route=%2Fwp%2Fv2%2Fcategories&post=72497"},{"taxonomy":"post_tag","embeddable":true,"href":"https:\/\/encuentroinformativo.com.mx\/index.php?rest_route=%2Fwp%2Fv2%2Ftags&post=72497"}],"curies":[{"name":"wp","href":"https:\/\/api.w.org\/{rel}","templated":true}]}}