{"id":72500,"date":"2025-11-01T12:17:27","date_gmt":"2025-11-01T18:17:27","guid":{"rendered":"https:\/\/encuentroinformativo.com.mx\/?p=72500"},"modified":"2025-11-01T12:17:27","modified_gmt":"2025-11-01T18:17:27","slug":"asume-sergio-gil-representacion-de-mc-ante-el-ine","status":"publish","type":"post","link":"https:\/\/encuentroinformativo.com.mx\/?p=72500","title":{"rendered":"Asume Sergio Gil representaci\u00f3n de MC ante el INE\u00a0"},"content":{"rendered":"<p><strong>Alejandro \u00c1vila<\/strong><\/p>\n<p>Veracruz, Ver.- El veracruzano, Sergio Gil Rull\u00e1n, tom\u00f3 protesta como consejero suplente del Poder Legislativo ante el Instituto Nacional Electoral (INE).<\/p>\n<p>El legislador veracruzano har\u00e1 mancuerna con Juan Zavala, quienes no solo defender\u00e1n en el voto y los intereses de la Fuerza Naranja ante el organismo electoral, sino tambi\u00e9n la decisi\u00f3n y voluntad de los mexicanos.<\/p>\n<p>El diputado Sergio Gil Rull\u00e1n ha sido un ferreo defensor del voto de los mexicanos y desde el pleno de San L\u00e1zaro a denunciado las irregularidades y atropellos del gobierno en turno, quienes han manipulado la decisi\u00f3n de la ciudadan\u00eda en casos puntuales como los sufridos en Poza Rica y Papantla en la pasada elecci\u00f3n, por lo cual su presencia garantiza una vigilancia eficaz en el proceso electoral del 2027.<\/p>\n<p>Cabe mencionar que, durante dicha sesi\u00f3n, la Consejera Nacional del INE, Guadalupe Taddei Zavala, nombr\u00f3 a Cathia Elizabeth Castillo Sol\u00eds y Gandhi Olmos Garc\u00eda, como Consejeros del Organismo P\u00fablico Local de Veracruz (OPLEV), quienes asumir\u00e1n su cargo a partir del 1 de noviembre de 2025 por un lapso de 7 a\u00f1os.<\/p>\n","protected":false},"excerpt":{"rendered":"<p>Alejandro \u00c1vila Veracruz, Ver.- El veracruzano, Sergio Gil Rull\u00e1n, tom\u00f3 protesta como consejero suplente del Poder Legislativo ante el Instituto Nacional Electoral (INE). El legislador veracruzano har\u00e1 mancuerna con Juan Zavala, quienes no solo defender\u00e1n en el voto y los intereses de la Fuerza Naranja ante el organismo electoral, sino tambi\u00e9n la decisi\u00f3n y voluntad [&hellip;]<\/p>\n","protected":false},"author":2476,"featured_media":72501,"comment_status":"open","ping_status":"open","sticky":false,"template":"","format":"standard","meta":{"_jetpack_memberships_contains_paid_content":false,"footnotes":""},"categories":[12],"tags":[],"class_list":["post-72500","post","type-post","status-publish","format-standard","has-post-thumbnail","hentry","category-nacional"],"jetpack_featured_media_url":"https:\/\/encuentroinformativo.com.mx\/wp-content\/uploads\/2025\/11\/IMG-20251101-WA00712.jpg","jetpack_sharing_enabled":true,"jetpack_likes_enabled":true,"amp_enabled":true,"_links":{"self":[{"href":"https:\/\/encuentroinformativo.com.mx\/index.php?rest_route=\/wp\/v2\/posts\/72500","targetHints":{"allow":["GET"]}}],"collection":[{"href":"https:\/\/encuentroinformativo.com.mx\/index.php?rest_route=\/wp\/v2\/posts"}],"about":[{"href":"https:\/\/encuentroinformativo.com.mx\/index.php?rest_route=\/wp\/v2\/types\/post"}],"author":[{"embeddable":true,"href":"https:\/\/encuentroinformativo.com.mx\/index.php?rest_route=\/wp\/v2\/users\/2476"}],"replies":[{"embeddable":true,"href":"https:\/\/encuentroinformativo.com.mx\/index.php?rest_route=%2Fwp%2Fv2%2Fcomments&post=72500"}],"version-history":[{"count":1,"href":"https:\/\/encuentroinformativo.com.mx\/index.php?rest_route=\/wp\/v2\/posts\/72500\/revisions"}],"predecessor-version":[{"id":72502,"href":"https:\/\/encuentroinformativo.com.mx\/index.php?rest_route=\/wp\/v2\/posts\/72500\/revisions\/72502"}],"wp:featuredmedia":[{"embeddable":true,"href":"https:\/\/encuentroinformativo.com.mx\/index.php?rest_route=\/wp\/v2\/media\/72501"}],"wp:attachment":[{"href":"https:\/\/encuentroinformativo.com.mx\/index.php?rest_route=%2Fwp%2Fv2%2Fmedia&parent=72500"}],"wp:term":[{"taxonomy":"category","embeddable":true,"href":"https:\/\/encuentroinformativo.com.mx\/index.php?rest_route=%2Fwp%2Fv2%2Fcategories&post=72500"},{"taxonomy":"post_tag","embeddable":true,"href":"https:\/\/encuentroinformativo.com.mx\/index.php?rest_route=%2Fwp%2Fv2%2Ftags&post=72500"}],"curies":[{"name":"wp","href":"https:\/\/api.w.org\/{rel}","templated":true}]}}