{"id":72504,"date":"2025-11-01T14:49:15","date_gmt":"2025-11-01T20:49:15","guid":{"rendered":"https:\/\/encuentroinformativo.com.mx\/?p=72504"},"modified":"2025-11-01T14:49:15","modified_gmt":"2025-11-01T20:49:15","slug":"se-reportan-temperaturas-bajo-cero-en-zonas-montanosas","status":"publish","type":"post","link":"https:\/\/encuentroinformativo.com.mx\/?p=72504","title":{"rendered":"Se reportan temperaturas bajo cero en zonas monta\u00f1osas"},"content":{"rendered":"<p><strong>Dar\u00edo Pale<\/strong><\/p>\n<p>Xalapa, Ver.- Las bajas temperaturas contin\u00faan afectando al estado de Veracruz tras el paso del frente fr\u00edo reciente, dejando registros por debajo de los cero grados e intensas heladas en la regi\u00f3n monta\u00f1osa.<\/p>\n<p>De acuerdo con la meteor\u00f3loga Jessica Luna Lagunes, la localidad de Zalayeta, en el municipio de Perote, registr\u00f3 la temperatura m\u00e1s baja de la jornada con \u22122.0\u00b0C, acompa\u00f1ada de fuertes heladas. En esta misma zona, as\u00ed como en Las Vigas, tambi\u00e9n se reportaron afectaciones por cristalizaci\u00f3n de humedad en pastos y superficies.<\/p>\n<p>Otros municipios del centro del estado tambi\u00e9n amanecieron con fr\u00edo significativo:<\/p>\n<p>La Joya, Acajete: 4.0\u00b0C<\/p>\n<p>Loma Grande, Mariano Escobedo: 4.0\u00b0C<\/p>\n<p>Piletas, Rafael Lucio: 7.0\u00b0C<\/p>\n<p>Centro Receptor Huatusco: 7.0\u00b0C<\/p>\n<p>Acatl\u00e1n: 8.0\u00b0C<\/p>\n<p>Xalapa (Seminario-Protecci\u00f3n Civil): 8.0\u00b0C<\/p>\n<p>Las autoridades meteorol\u00f3gicas recomiendan a la poblaci\u00f3n extremar precauciones, especialmente en las primeras horas del d\u00eda, debido al riesgo de enfermedades respiratorias y accidentes derivados de suelos resbaladizos en zonas de helada.<\/p>\n<p>Protecci\u00f3n Civil mantiene vigilancia ante el descenso t\u00e9rmico pronosticado para las pr\u00f3ximas horas, as\u00ed como la posible presencia de bancos de niebla en la regi\u00f3n de monta\u00f1a.<\/p>\n","protected":false},"excerpt":{"rendered":"<p>Dar\u00edo Pale Xalapa, Ver.- Las bajas temperaturas contin\u00faan afectando al estado de Veracruz tras el paso del frente fr\u00edo reciente, dejando registros por debajo de los cero grados e intensas heladas en la regi\u00f3n monta\u00f1osa. De acuerdo con la meteor\u00f3loga Jessica Luna Lagunes, la localidad de Zalayeta, en el municipio de Perote, registr\u00f3 la temperatura [&hellip;]<\/p>\n","protected":false},"author":2476,"featured_media":46607,"comment_status":"open","ping_status":"open","sticky":false,"template":"","format":"standard","meta":{"_jetpack_memberships_contains_paid_content":false,"footnotes":""},"categories":[2],"tags":[],"class_list":["post-72504","post","type-post","status-publish","format-standard","has-post-thumbnail","hentry","category-estado"],"jetpack_featured_media_url":"https:\/\/encuentroinformativo.com.mx\/wp-content\/uploads\/2023\/10\/IMG_82742.jpg","jetpack_sharing_enabled":true,"jetpack_likes_enabled":true,"amp_enabled":true,"_links":{"self":[{"href":"https:\/\/encuentroinformativo.com.mx\/index.php?rest_route=\/wp\/v2\/posts\/72504","targetHints":{"allow":["GET"]}}],"collection":[{"href":"https:\/\/encuentroinformativo.com.mx\/index.php?rest_route=\/wp\/v2\/posts"}],"about":[{"href":"https:\/\/encuentroinformativo.com.mx\/index.php?rest_route=\/wp\/v2\/types\/post"}],"author":[{"embeddable":true,"href":"https:\/\/encuentroinformativo.com.mx\/index.php?rest_route=\/wp\/v2\/users\/2476"}],"replies":[{"embeddable":true,"href":"https:\/\/encuentroinformativo.com.mx\/index.php?rest_route=%2Fwp%2Fv2%2Fcomments&post=72504"}],"version-history":[{"count":1,"href":"https:\/\/encuentroinformativo.com.mx\/index.php?rest_route=\/wp\/v2\/posts\/72504\/revisions"}],"predecessor-version":[{"id":72505,"href":"https:\/\/encuentroinformativo.com.mx\/index.php?rest_route=\/wp\/v2\/posts\/72504\/revisions\/72505"}],"wp:featuredmedia":[{"embeddable":true,"href":"https:\/\/encuentroinformativo.com.mx\/index.php?rest_route=\/wp\/v2\/media\/46607"}],"wp:attachment":[{"href":"https:\/\/encuentroinformativo.com.mx\/index.php?rest_route=%2Fwp%2Fv2%2Fmedia&parent=72504"}],"wp:term":[{"taxonomy":"category","embeddable":true,"href":"https:\/\/encuentroinformativo.com.mx\/index.php?rest_route=%2Fwp%2Fv2%2Fcategories&post=72504"},{"taxonomy":"post_tag","embeddable":true,"href":"https:\/\/encuentroinformativo.com.mx\/index.php?rest_route=%2Fwp%2Fv2%2Ftags&post=72504"}],"curies":[{"name":"wp","href":"https:\/\/api.w.org\/{rel}","templated":true}]}}