{"id":72529,"date":"2025-11-03T14:45:02","date_gmt":"2025-11-03T20:45:02","guid":{"rendered":"https:\/\/encuentroinformativo.com.mx\/?p=72529"},"modified":"2025-11-03T14:45:02","modified_gmt":"2025-11-03T20:45:02","slug":"confian-empresarios-en-repunte-de-ventas-por-final-de-ano","status":"publish","type":"post","link":"https:\/\/encuentroinformativo.com.mx\/?p=72529","title":{"rendered":"Conf\u00edan empresarios en repunte de ventas por final de a\u00f1o"},"content":{"rendered":"<p><strong>Dar\u00edo Pale<\/strong><\/p>\n<p>Xalapa, Ver.- El sector empresarial de Xalapa conf\u00eda en que los pr\u00f3ximos eventos comerciales y tur\u00edsticos, como el Buen Fin, y la temporada navide\u00f1a, impulsen las ventas y permitan un cierre de a\u00f1o favorable para comercios, servicios y hoteles.<\/p>\n<p>Bernardo Mart\u00ednez R\u00edos, presidente del Consejo Empresarial Metropolitano de Xalapa, se\u00f1al\u00f3 que estas fechas representan una oportunidad clave para mover inventarios, reactivar el consumo y atraer visitantes a la capital veracruzana.<\/p>\n<p>\u201cYa es una fecha que la gente incluso est\u00e1 esperando, y despu\u00e9s se engancha todo diciembre. Esperemos que tengamos visitantes y que nos vaya bien a todos en Xalapa y la regi\u00f3n\u201d, expres\u00f3.<\/p>\n<p>El dirigente destac\u00f3 que este a\u00f1o el Buen Fin se realizar\u00e1 durante m\u00e1s d\u00edas, lo que permitir\u00e1 a m\u00e1s familias aprovechar ofertas y promociones, mientras que los comercios pueden mejorar su flujo econ\u00f3mico.<\/p>\n<p>Mart\u00ednez R\u00edos tambi\u00e9n opin\u00f3 sobre los nuevos impuestos incluidos en el Paquete Econ\u00f3mico 2026, los cuales impactar\u00e1n a consumidores de bebidas azucaradas, carbonatadas y productos con edulcorantes.<\/p>\n<p>Indic\u00f3 que las empresas y los ciudadanos deber\u00e1n ajustar sus presupuestos, aunque confi\u00f3 en que la recaudaci\u00f3n se utilice efectivamente en prevenci\u00f3n de diabetes y obesidad, problemas de salud que afectan significativamente al pa\u00eds.<\/p>\n<p>\u201cEs una forma de que el gobierno sigue recaudando recursos a trav\u00e9s del consumo, y en este caso ya no se salvaron ni las aguas gasificadas ni las bebidas sin endulzante\u201d, afirm\u00f3.<\/p>\n<p>Sobre los recientes bloqueos de productores de ma\u00edz en otros estados, el dirigente empresarial asegur\u00f3 que en Veracruz la situaci\u00f3n es distinta, pues la entidad se caracteriza principalmente por la producci\u00f3n ca\u00f1era, no maicera.<\/p>\n<p>Dijo que, hasta el momento, la industria azucarera se mantiene en di\u00e1logo y mesas de trabajo para asegurar mejores precios por tonelada en la pr\u00f3xima zafra, por lo que no se prev\u00e9 afectaci\u00f3n en carreteras ni paros productivos.<\/p>\n<p>Finalmente coment\u00f3 que, \u201chay confianza en que el cierre del a\u00f1o ser\u00e1 positivo para todos los sectores econ\u00f3micos\u201d.<\/p>\n","protected":false},"excerpt":{"rendered":"<p>Dar\u00edo Pale Xalapa, Ver.- El sector empresarial de Xalapa conf\u00eda en que los pr\u00f3ximos eventos comerciales y tur\u00edsticos, como el Buen Fin, y la temporada navide\u00f1a, impulsen las ventas y permitan un cierre de a\u00f1o favorable para comercios, servicios y hoteles. Bernardo Mart\u00ednez R\u00edos, presidente del Consejo Empresarial Metropolitano de Xalapa, se\u00f1al\u00f3 que estas fechas [&hellip;]<\/p>\n","protected":false},"author":2476,"featured_media":72530,"comment_status":"open","ping_status":"open","sticky":false,"template":"","format":"standard","meta":{"_jetpack_memberships_contains_paid_content":false,"footnotes":""},"categories":[3],"tags":[],"class_list":["post-72529","post","type-post","status-publish","format-standard","has-post-thumbnail","hentry","category-xalapa"],"jetpack_featured_media_url":"https:\/\/encuentroinformativo.com.mx\/wp-content\/uploads\/2025\/11\/IMG-20251103-WA0145.jpg","jetpack_sharing_enabled":true,"jetpack_likes_enabled":true,"amp_enabled":true,"_links":{"self":[{"href":"https:\/\/encuentroinformativo.com.mx\/index.php?rest_route=\/wp\/v2\/posts\/72529","targetHints":{"allow":["GET"]}}],"collection":[{"href":"https:\/\/encuentroinformativo.com.mx\/index.php?rest_route=\/wp\/v2\/posts"}],"about":[{"href":"https:\/\/encuentroinformativo.com.mx\/index.php?rest_route=\/wp\/v2\/types\/post"}],"author":[{"embeddable":true,"href":"https:\/\/encuentroinformativo.com.mx\/index.php?rest_route=\/wp\/v2\/users\/2476"}],"replies":[{"embeddable":true,"href":"https:\/\/encuentroinformativo.com.mx\/index.php?rest_route=%2Fwp%2Fv2%2Fcomments&post=72529"}],"version-history":[{"count":1,"href":"https:\/\/encuentroinformativo.com.mx\/index.php?rest_route=\/wp\/v2\/posts\/72529\/revisions"}],"predecessor-version":[{"id":72531,"href":"https:\/\/encuentroinformativo.com.mx\/index.php?rest_route=\/wp\/v2\/posts\/72529\/revisions\/72531"}],"wp:featuredmedia":[{"embeddable":true,"href":"https:\/\/encuentroinformativo.com.mx\/index.php?rest_route=\/wp\/v2\/media\/72530"}],"wp:attachment":[{"href":"https:\/\/encuentroinformativo.com.mx\/index.php?rest_route=%2Fwp%2Fv2%2Fmedia&parent=72529"}],"wp:term":[{"taxonomy":"category","embeddable":true,"href":"https:\/\/encuentroinformativo.com.mx\/index.php?rest_route=%2Fwp%2Fv2%2Fcategories&post=72529"},{"taxonomy":"post_tag","embeddable":true,"href":"https:\/\/encuentroinformativo.com.mx\/index.php?rest_route=%2Fwp%2Fv2%2Ftags&post=72529"}],"curies":[{"name":"wp","href":"https:\/\/api.w.org\/{rel}","templated":true}]}}