{"id":72549,"date":"2025-11-04T12:23:51","date_gmt":"2025-11-04T18:23:51","guid":{"rendered":"https:\/\/encuentroinformativo.com.mx\/?p=72549"},"modified":"2025-11-04T12:24:45","modified_gmt":"2025-11-04T18:24:45","slug":"celebrara-inecol-decimo-quinta-edicion-de-casa-abierta","status":"publish","type":"post","link":"https:\/\/encuentroinformativo.com.mx\/?p=72549","title":{"rendered":"Celebrar\u00e1 INECOL d\u00e9cimo quinta edici\u00f3n de &#8220;Casa Abierta&#8221;"},"content":{"rendered":"<p><strong>Dar\u00edo Pale<\/strong><\/p>\n<p>Xalapa, Ver.- Este s\u00e1bado 8 de noviembre, el Instituto de Ecolog\u00eda (Inecol) celebrar\u00e1 la edici\u00f3n n\u00famero 15 de \u201cCasa Abierta\u201d, una jornada de ciencia, cultura y recreaci\u00f3n dirigida al p\u00fablico de todas las edades, que reunir\u00e1 m\u00e1s de 90 actividades simult\u00e1neas en sus tres sedes: Xalapa, Coatepec y el Baj\u00edo en P\u00e1tzcuaro.<\/p>\n<p>El encuentro se llevar\u00e1 a cabo de 09:30 a 14:30 horas, y ofrecer\u00e1 talleres, charlas, experimentos, exposiciones y recorridos guiados para que las familias puedan conocer de cerca el trabajo de investigaci\u00f3n y conservaci\u00f3n que realiza el instituto.<\/p>\n<p>Gerardo Mata, secretario acad\u00e9mico del Inecol, destac\u00f3 que la intenci\u00f3n principal del evento es fortalecer el v\u00ednculo entre la comunidad cient\u00edfica y la sociedad.<\/p>\n<p>\u201cCasa Abierta es un espacio de convivencia en el que el p\u00fablico puede conocer, experimentar y disfrutar del conocimiento que se genera en el Inecol. Queremos que las familias se acerquen a la ciencia de manera divertida, interactiva y significativa\u201d, se\u00f1al\u00f3.<\/p>\n<p>Entre las actividades incluidas en la programaci\u00f3n se encuentran pr\u00e1cticas de laboratorio, observaciones con microscopios, visitas al herbario y recorridos por el Jard\u00edn Bot\u00e1nico y el Santuario del Bosque de Niebla, donde especialistas explicar\u00e1n la importancia de conservar estos ecosistemas.<\/p>\n<p>Tambi\u00e9n se realizar\u00e1n actividades art\u00edsticas y culturales, como el concierto de m\u00fasica barroca Les go\u00fbts-r\u00e9unis, a cargo del Ensamble Galante.<\/p>\n<p>Adem\u00e1s, instituciones aliadas como la Universidad Gestalt de Dise\u00f1o y el Museo de Antropolog\u00eda de Xalapa participar\u00e1n con talleres interactivos, incluido un taller de arqueolog\u00eda infantil en el que ni\u00f1as y ni\u00f1os podr\u00e1n vivir una simulaci\u00f3n de excavaci\u00f3n.<\/p>\n<p>Mata subray\u00f3 que este tipo de iniciativas contribuyen a despertar el inter\u00e9s por la ciencia desde edades tempranas y a sensibilizar a la poblaci\u00f3n sobre la riqueza natural del estado:<\/p>\n<p>\u201cLa intenci\u00f3n es que ni\u00f1as, ni\u00f1os y adultos vivan la experiencia cient\u00edfica de forma directa, descubriendo la importancia de conservar nuestros ecosistemas y valorar la riqueza natural de Veracruz\u201d.<\/p>\n<p>Con su edici\u00f3n 2025, Casa Abierta se fortalece como uno de los eventos de divulgaci\u00f3n cient\u00edfica m\u00e1s esperados en la regi\u00f3n, reafirmando el compromiso del Inecol con la educaci\u00f3n ambiental y la participaci\u00f3n social.<\/p>\n","protected":false},"excerpt":{"rendered":"<p>Dar\u00edo Pale Xalapa, Ver.- Este s\u00e1bado 8 de noviembre, el Instituto de Ecolog\u00eda (Inecol) celebrar\u00e1 la edici\u00f3n n\u00famero 15 de \u201cCasa Abierta\u201d, una jornada de ciencia, cultura y recreaci\u00f3n dirigida al p\u00fablico de todas las edades, que reunir\u00e1 m\u00e1s de 90 actividades simult\u00e1neas en sus tres sedes: Xalapa, Coatepec y el Baj\u00edo en P\u00e1tzcuaro. El [&hellip;]<\/p>\n","protected":false},"author":2476,"featured_media":72550,"comment_status":"open","ping_status":"open","sticky":false,"template":"","format":"standard","meta":{"_jetpack_memberships_contains_paid_content":false,"footnotes":""},"categories":[3],"tags":[],"class_list":["post-72549","post","type-post","status-publish","format-standard","has-post-thumbnail","hentry","category-xalapa"],"jetpack_featured_media_url":"https:\/\/encuentroinformativo.com.mx\/wp-content\/uploads\/2025\/11\/IMG-20251104-WA0087.jpg","jetpack_sharing_enabled":true,"jetpack_likes_enabled":true,"amp_enabled":true,"_links":{"self":[{"href":"https:\/\/encuentroinformativo.com.mx\/index.php?rest_route=\/wp\/v2\/posts\/72549","targetHints":{"allow":["GET"]}}],"collection":[{"href":"https:\/\/encuentroinformativo.com.mx\/index.php?rest_route=\/wp\/v2\/posts"}],"about":[{"href":"https:\/\/encuentroinformativo.com.mx\/index.php?rest_route=\/wp\/v2\/types\/post"}],"author":[{"embeddable":true,"href":"https:\/\/encuentroinformativo.com.mx\/index.php?rest_route=\/wp\/v2\/users\/2476"}],"replies":[{"embeddable":true,"href":"https:\/\/encuentroinformativo.com.mx\/index.php?rest_route=%2Fwp%2Fv2%2Fcomments&post=72549"}],"version-history":[{"count":1,"href":"https:\/\/encuentroinformativo.com.mx\/index.php?rest_route=\/wp\/v2\/posts\/72549\/revisions"}],"predecessor-version":[{"id":72551,"href":"https:\/\/encuentroinformativo.com.mx\/index.php?rest_route=\/wp\/v2\/posts\/72549\/revisions\/72551"}],"wp:featuredmedia":[{"embeddable":true,"href":"https:\/\/encuentroinformativo.com.mx\/index.php?rest_route=\/wp\/v2\/media\/72550"}],"wp:attachment":[{"href":"https:\/\/encuentroinformativo.com.mx\/index.php?rest_route=%2Fwp%2Fv2%2Fmedia&parent=72549"}],"wp:term":[{"taxonomy":"category","embeddable":true,"href":"https:\/\/encuentroinformativo.com.mx\/index.php?rest_route=%2Fwp%2Fv2%2Fcategories&post=72549"},{"taxonomy":"post_tag","embeddable":true,"href":"https:\/\/encuentroinformativo.com.mx\/index.php?rest_route=%2Fwp%2Fv2%2Ftags&post=72549"}],"curies":[{"name":"wp","href":"https:\/\/api.w.org\/{rel}","templated":true}]}}