{"id":7255,"date":"2020-10-23T15:23:51","date_gmt":"2020-10-23T20:23:51","guid":{"rendered":"https:\/\/encuentroinformativo.com.mx\/?p=7255"},"modified":"2020-10-23T15:23:54","modified_gmt":"2020-10-23T20:23:54","slug":"por-pandemia-sera-acceso-limitado-a-misas-de-san-rafael","status":"publish","type":"post","link":"https:\/\/encuentroinformativo.com.mx\/?p=7255","title":{"rendered":"Por pandemia, ser\u00e1 acceso limitado a misas de San Rafael"},"content":{"rendered":"\n<p><strong>Dar\u00edo Pale <\/strong><\/p>\n\n\n\n<p>Xalapa, Ver.- El p\u00e1rroco de la catedral metropolitana Roberto Reyes Anaya inform\u00f3 que debido\u00a0a la pandemia solo\u00a0podr\u00e1n ingresar 230 personas en las celebraciones eucar\u00edsticas a San Rafael Gu\u00edzar y Valencia\u00a0para la celebraci\u00f3n de 100 a\u00f1os de su llegada a la entidad veracruzana.<\/p>\n\n\n\n<p>En entrevista dio a conocer que en a\u00f1os anteriores cada hora hab\u00eda una celebraci\u00f3n de la eucarist\u00eda, este viernes solo habr\u00e1 misa a la 13: 00, 18:00, 21:00 y a las 23 horas para las ma\u00f1anitas,\u00a0este s\u00e1bado habr\u00e1 tres eucarist\u00eda 8, 12 y a la 6 de la tarde para poder participar se necesita llegar antes porque solo hay un cupo limitado y llenando los lugares se cierra la catedral garantizando la sana distancia necesaria y cuidando evitar cualquier tipo de contagios.<\/p>\n\n\n\n<p>Record\u00f3 la visita del nuncio apost\u00f3lico este Franco Coppola quien presidir\u00e1 la misa de las 12 de d\u00eda para lo cual se entregaron pases personalizados los cuales fueron entregados que son 200\u00a0 cuya visita es para conmemorar los 100 a\u00f1os de la llegada de San Rafael Guizar al estado de Veracruz.<\/p>\n\n\n\n<p>Apunt\u00f3 que el flujo a la tumba de Guizar y Valencia va estar abierto todo el d\u00eda pero no se podr\u00e1 ingresar a los dem\u00e1s espacios de Catedral.<\/p>\n\n\n\n<p>Finalmente dio a conocer que solo habr\u00e1 peregrinaci\u00f3n de localidad de Monzoboa, del municipio de Huatusco y de la localidad de Piedra Parada que trae un arco floral ya que fueron suspendidas la de los municipios de Coatepec y Xico.<\/p>\n","protected":false},"excerpt":{"rendered":"<p>Dar\u00edo Pale Xalapa, Ver.- El p\u00e1rroco de la catedral metropolitana Roberto Reyes Anaya inform\u00f3 que debido\u00a0a la pandemia solo\u00a0podr\u00e1n ingresar 230 personas en las celebraciones eucar\u00edsticas a San Rafael Gu\u00edzar y Valencia\u00a0para la celebraci\u00f3n de 100 a\u00f1os de su llegada a la entidad veracruzana. En entrevista dio a conocer que en a\u00f1os anteriores cada hora [&hellip;]<\/p>\n","protected":false},"author":1,"featured_media":7256,"comment_status":"open","ping_status":"open","sticky":false,"template":"","format":"standard","meta":{"_jetpack_memberships_contains_paid_content":false,"footnotes":""},"categories":[3],"tags":[],"class_list":["post-7255","post","type-post","status-publish","format-standard","has-post-thumbnail","hentry","category-xalapa"],"jetpack_featured_media_url":"https:\/\/encuentroinformativo.com.mx\/wp-content\/uploads\/2020\/10\/1A046C39-3BD1-444E-ADAD-17C4BC4BC1DB.jpeg","jetpack_sharing_enabled":true,"jetpack_likes_enabled":true,"amp_enabled":true,"_links":{"self":[{"href":"https:\/\/encuentroinformativo.com.mx\/index.php?rest_route=\/wp\/v2\/posts\/7255","targetHints":{"allow":["GET"]}}],"collection":[{"href":"https:\/\/encuentroinformativo.com.mx\/index.php?rest_route=\/wp\/v2\/posts"}],"about":[{"href":"https:\/\/encuentroinformativo.com.mx\/index.php?rest_route=\/wp\/v2\/types\/post"}],"author":[{"embeddable":true,"href":"https:\/\/encuentroinformativo.com.mx\/index.php?rest_route=\/wp\/v2\/users\/1"}],"replies":[{"embeddable":true,"href":"https:\/\/encuentroinformativo.com.mx\/index.php?rest_route=%2Fwp%2Fv2%2Fcomments&post=7255"}],"version-history":[{"count":1,"href":"https:\/\/encuentroinformativo.com.mx\/index.php?rest_route=\/wp\/v2\/posts\/7255\/revisions"}],"predecessor-version":[{"id":7257,"href":"https:\/\/encuentroinformativo.com.mx\/index.php?rest_route=\/wp\/v2\/posts\/7255\/revisions\/7257"}],"wp:featuredmedia":[{"embeddable":true,"href":"https:\/\/encuentroinformativo.com.mx\/index.php?rest_route=\/wp\/v2\/media\/7256"}],"wp:attachment":[{"href":"https:\/\/encuentroinformativo.com.mx\/index.php?rest_route=%2Fwp%2Fv2%2Fmedia&parent=7255"}],"wp:term":[{"taxonomy":"category","embeddable":true,"href":"https:\/\/encuentroinformativo.com.mx\/index.php?rest_route=%2Fwp%2Fv2%2Fcategories&post=7255"},{"taxonomy":"post_tag","embeddable":true,"href":"https:\/\/encuentroinformativo.com.mx\/index.php?rest_route=%2Fwp%2Fv2%2Ftags&post=7255"}],"curies":[{"name":"wp","href":"https:\/\/api.w.org\/{rel}","templated":true}]}}