{"id":72552,"date":"2025-11-04T12:58:01","date_gmt":"2025-11-04T18:58:01","guid":{"rendered":"https:\/\/encuentroinformativo.com.mx\/?p=72552"},"modified":"2025-11-04T12:58:01","modified_gmt":"2025-11-04T18:58:01","slug":"uv-mantiene-activo-acompanamiento-academico-en-zona-norte-de-veracruz","status":"publish","type":"post","link":"https:\/\/encuentroinformativo.com.mx\/?p=72552","title":{"rendered":"UV mantiene activo acompa\u00f1amiento acad\u00e9mico en zona norte de Veracruz"},"content":{"rendered":"<p><strong>Dar\u00edo Pale<\/strong><\/p>\n<p>Xalapa, Ver.- La Universidad Veracruzana (UV) logr\u00f3 establecer comunicaci\u00f3n con la totalidad de los 9 mil 542 estudiantes que integran la matr\u00edcula de la regi\u00f3n Poza Rica\u2013Tuxpan, afectada severamente por las inundaciones registradas en octubre pasado. As\u00ed lo inform\u00f3 el rector Mart\u00edn Aguilar S\u00e1nchez en una conferencia de prensa.<\/p>\n<p>El rector lament\u00f3 profundamente el fallecimiento de la estudiante de Psicolog\u00eda Diana Jael Cuervo Santos, quien perdi\u00f3 la vida el 10 de octubre durante la contingencia en Poza Rica.<\/p>\n<p>Detall\u00f3 que, tras la emergencia, directivos, docentes y estudiantes iniciaron un operativo para localizar a toda la comunidad universitaria. Sin embargo, dijo, el proceso se prolong\u00f3 debido a que muchos alumnos se trasladaron a sus comunidades de origen, quedando incomunicados por falta de se\u00f1al telef\u00f3nica y bloqueo de accesos terrestres.<\/p>\n<p>\u201cDimos prioridad en comunicarnos con los estudiantes de la Unidad de Ciencias de la Salud en Poza Rica: Odontolog\u00eda, Enfermer\u00eda, Psicolog\u00eda y Medicina, porque son quienes viv\u00edan en la zona de desastre\u201d, explic\u00f3 Aguilar S\u00e1nchez.<\/p>\n<p>El 16 de octubre, la instituci\u00f3n pudo confirmar que 2 mil 325 estudiantes de esta \u00e1rea se encontraban con integridad f\u00edsica a salvo. Con la actualizaci\u00f3n m\u00e1s reciente, la UV report\u00f3 que toda la matr\u00edcula regional est\u00e1 fuera de peligro:<\/p>\n<p>Desglose por \u00e1reas acad\u00e9micas, \u00c1rea T\u00e9cnica: 2 mil 932 estudiantes<br \/>\n(Arquitectura, Ingenier\u00eda Mec\u00e1nica El\u00e9ctrica, Ingenier\u00eda Electr\u00f3nica y Comunicaciones, Ingenier\u00eda Civil, Ciencias Qu\u00edmicas)<\/p>\n<p>Humanidades: 1 mil 138 estudiantes<br \/>\n(Pedagog\u00eda y Trabajo Social)<\/p>\n<p>Campus Tuxpan: 1 mil 806 estudiantes<br \/>\n(Ciencias Biol\u00f3gicas Agropecuarias y Contadur\u00eda)<\/p>\n<p>Universidad Intercultural: dos sedes (Totonacapan y Huasteca), sin reporte de riesgo<\/p>\n<p>Ense\u00f1anza de las Artes: 53 estudiantes<\/p>\n<p>Aguilar S\u00e1nchez destac\u00f3 que se puso en marcha un plan de atenci\u00f3n emergente, que incluy\u00f3, Instalaci\u00f3n de un Centro de Operaci\u00f3n Universitaria, Apertura de centros de acopio en las cinco regiones de la UV, Coordinaci\u00f3n con instituciones de auxilio y universidades del pa\u00eds<\/p>\n<p>Hasta el momento, la ayuda humanitaria recibida ha sido la siguiente, Regi\u00f3n Xalapa: 16 toneladas de v\u00edveres (y 35 m\u00e1s recibidas en Poza Rica los d\u00edas 16 y 30 de octubre), .Regi\u00f3n Orizaba-C\u00f3rdoba: 6 toneladas, Regi\u00f3n Veracruz: 40 toneladas, Regi\u00f3n Coatzacoalcos-Minatitl\u00e1n: 5 toneladas.<\/p>\n<p>UNAM: 110 toneladas (20 y 30 de octubre), Universidad Aut\u00f3noma de Guerrero: 30 toneladas (30 de octubre), Egresados de Psicolog\u00eda UV: apoyo recibido el 22 de octubre<\/p>\n<p>Finalmente el rector afirm\u00f3 que la instituci\u00f3n mantiene activo el acompa\u00f1amiento acad\u00e9mico, emocional y log\u00edstico para su comunidad estudiantil afectada por la emergencia clim\u00e1tica.<\/p>\n","protected":false},"excerpt":{"rendered":"<p>Dar\u00edo Pale Xalapa, Ver.- La Universidad Veracruzana (UV) logr\u00f3 establecer comunicaci\u00f3n con la totalidad de los 9 mil 542 estudiantes que integran la matr\u00edcula de la regi\u00f3n Poza Rica\u2013Tuxpan, afectada severamente por las inundaciones registradas en octubre pasado. As\u00ed lo inform\u00f3 el rector Mart\u00edn Aguilar S\u00e1nchez en una conferencia de prensa. El rector lament\u00f3 profundamente [&hellip;]<\/p>\n","protected":false},"author":2476,"featured_media":72553,"comment_status":"open","ping_status":"open","sticky":false,"template":"","format":"standard","meta":{"_jetpack_memberships_contains_paid_content":false,"footnotes":""},"categories":[2],"tags":[],"class_list":["post-72552","post","type-post","status-publish","format-standard","has-post-thumbnail","hentry","category-estado"],"jetpack_featured_media_url":"https:\/\/encuentroinformativo.com.mx\/wp-content\/uploads\/2025\/11\/IMG-20251104-WA01231.jpg","jetpack_sharing_enabled":true,"jetpack_likes_enabled":true,"amp_enabled":true,"_links":{"self":[{"href":"https:\/\/encuentroinformativo.com.mx\/index.php?rest_route=\/wp\/v2\/posts\/72552","targetHints":{"allow":["GET"]}}],"collection":[{"href":"https:\/\/encuentroinformativo.com.mx\/index.php?rest_route=\/wp\/v2\/posts"}],"about":[{"href":"https:\/\/encuentroinformativo.com.mx\/index.php?rest_route=\/wp\/v2\/types\/post"}],"author":[{"embeddable":true,"href":"https:\/\/encuentroinformativo.com.mx\/index.php?rest_route=\/wp\/v2\/users\/2476"}],"replies":[{"embeddable":true,"href":"https:\/\/encuentroinformativo.com.mx\/index.php?rest_route=%2Fwp%2Fv2%2Fcomments&post=72552"}],"version-history":[{"count":1,"href":"https:\/\/encuentroinformativo.com.mx\/index.php?rest_route=\/wp\/v2\/posts\/72552\/revisions"}],"predecessor-version":[{"id":72554,"href":"https:\/\/encuentroinformativo.com.mx\/index.php?rest_route=\/wp\/v2\/posts\/72552\/revisions\/72554"}],"wp:featuredmedia":[{"embeddable":true,"href":"https:\/\/encuentroinformativo.com.mx\/index.php?rest_route=\/wp\/v2\/media\/72553"}],"wp:attachment":[{"href":"https:\/\/encuentroinformativo.com.mx\/index.php?rest_route=%2Fwp%2Fv2%2Fmedia&parent=72552"}],"wp:term":[{"taxonomy":"category","embeddable":true,"href":"https:\/\/encuentroinformativo.com.mx\/index.php?rest_route=%2Fwp%2Fv2%2Fcategories&post=72552"},{"taxonomy":"post_tag","embeddable":true,"href":"https:\/\/encuentroinformativo.com.mx\/index.php?rest_route=%2Fwp%2Fv2%2Ftags&post=72552"}],"curies":[{"name":"wp","href":"https:\/\/api.w.org\/{rel}","templated":true}]}}