{"id":72556,"date":"2025-11-04T14:10:05","date_gmt":"2025-11-04T20:10:05","guid":{"rendered":"https:\/\/encuentroinformativo.com.mx\/?p=72556"},"modified":"2025-11-04T14:10:05","modified_gmt":"2025-11-04T20:10:05","slug":"arrancara-feria-xalapena-del-libro-en-el-parque-juarez","status":"publish","type":"post","link":"https:\/\/encuentroinformativo.com.mx\/?p=72556","title":{"rendered":"Arrancar\u00e1 Feria Xalape\u00f1a del Libro en el parque Ju\u00e1rez"},"content":{"rendered":"<p><strong>Dar\u00edo Pale<\/strong><\/p>\n<p>Xalapa, Ver.- La Feria Xalape\u00f1a del Libro vuelve este viernes 7 de noviembre al Parque Ju\u00e1rez, donde permanecer\u00e1 hasta el 18 de noviembre con un horario de 10:00 a 21:00 horas, libreros locales afirmaron que el encuentro se ha convertido en una tradici\u00f3n esperada por los lectores de Xalapa y municipios cercanos.<\/p>\n<p>Representantes de diversas librer\u00edas como La Rueca de Gandhi, Educaci\u00f3n Atenah\u00edz y otros proyectos independientes destacaron que la feria fomenta la convivencia y el acceso a los libros en un entorno familiar.<\/p>\n<p>\u201cEl parque lo siente la gente como suyo, se presta para que toda la ciudadan\u00eda llegue, disfrute el d\u00eda y pueda tocar, hojear y descubrir libros con completa libertad\u201d, se\u00f1al\u00f3 Eligio Ram\u00edrez R\u00edos, de La Roca de Gandhi.<\/p>\n<p>Los organizadores se\u00f1alaron que esta iniciativa se realiza dos veces al a\u00f1o -en abril y en noviembre- y cada edici\u00f3n registra mayor participaci\u00f3n. Quince o veinte d\u00edas antes, los lectores ya comienzan a preguntar por las fechas, compartieron.<\/p>\n<p>En entrevista, libreros coincidieron en que, aunque enciclopedias y diccionarios han disminuido en ventas por la digitalizaci\u00f3n y la llegada de productos importados m\u00e1s baratos, la literatura, los materiales infantiles y los libros de uso contin\u00faan al alza.<\/p>\n<p>\u201cLa gente pasa mucho tiempo frente a pantallas y vuelve al libro impreso por nostalgia, por el contacto f\u00edsico, por el olor del papel\u201d, expres\u00f3 Olga Lidia Ram\u00edrez Salazar, librera participante.<\/p>\n<p>Se\u00f1alaron que durante la pandemia tambi\u00e9n se comprob\u00f3 una preferencia renovada por los libros impresos, pese al avance del formato digital.<\/p>\n<p>Adem\u00e1s, indicaron que el uso prolongado de dispositivos puede generar afectaciones visuales y reducir la comprensi\u00f3n lectora, por lo que en algunos pa\u00edses incluso se ha limitado el uso de tabletas en escuelas para reforzar el aprendizaje en papel.<\/p>\n<p>Los libreros destacaron que el acceso al libro de uso permite que m\u00e1s familias puedan adquirir materiales a bajo costo, en especial ahora que muchas escuelas de nivel b\u00e1sico est\u00e1n promoviendo la lectura mensual.<\/p>\n<p>\u201cLo importante es que el libro circule, nuevo o usado. Si est\u00e1 en buen estado, el lector lo apreciar\u00e1 igual\u201d, comentaron.<\/p>\n<p>En la feria participan tanto librer\u00edas con local establecido como vendedores en l\u00ednea que encuentran en estos espacios una oportunidad de encuentro directo con el p\u00fablico.<\/p>\n<p>\u201cEstas ferias nutren la relaci\u00f3n con el lector. Nos comparten recomendaciones, nos cuentan qu\u00e9 les gust\u00f3 y qu\u00e9 buscan. Es una retroalimentaci\u00f3n maravillosa\u201d, afirm\u00f3 la librera Josheline Chal\u00e1, de Educaci\u00f3n Atenah\u00edz.<\/p>\n<p>Los libreros reiteraron el llamado a las familias xalape\u00f1as y visitantes, al Parque Ju\u00e1rez, Xalapa, del 7 al 18 de noviembre, de 10:00 a 21:00 horas, entrada libre.<\/p>\n<p>Tambi\u00e9n invitaron a seguir y apoyar a los proyectos locales de venta de libros, tanto en ferias como en sus espacios f\u00edsicos y redes sociales.<\/p>\n<p>Finalmente se\u00f1alaron que, \u201cla lectura sigue viva y crece con nuevos lectores. Solo hay que acercarles los libros\u201d.<\/p>\n","protected":false},"excerpt":{"rendered":"<p>Dar\u00edo Pale Xalapa, Ver.- La Feria Xalape\u00f1a del Libro vuelve este viernes 7 de noviembre al Parque Ju\u00e1rez, donde permanecer\u00e1 hasta el 18 de noviembre con un horario de 10:00 a 21:00 horas, libreros locales afirmaron que el encuentro se ha convertido en una tradici\u00f3n esperada por los lectores de Xalapa y municipios cercanos. Representantes [&hellip;]<\/p>\n","protected":false},"author":2476,"featured_media":72557,"comment_status":"open","ping_status":"open","sticky":false,"template":"","format":"standard","meta":{"_jetpack_memberships_contains_paid_content":false,"footnotes":""},"categories":[3],"tags":[],"class_list":["post-72556","post","type-post","status-publish","format-standard","has-post-thumbnail","hentry","category-xalapa"],"jetpack_featured_media_url":"https:\/\/encuentroinformativo.com.mx\/wp-content\/uploads\/2025\/11\/IMG-20251104-WA0146.jpg","jetpack_sharing_enabled":true,"jetpack_likes_enabled":true,"amp_enabled":true,"_links":{"self":[{"href":"https:\/\/encuentroinformativo.com.mx\/index.php?rest_route=\/wp\/v2\/posts\/72556","targetHints":{"allow":["GET"]}}],"collection":[{"href":"https:\/\/encuentroinformativo.com.mx\/index.php?rest_route=\/wp\/v2\/posts"}],"about":[{"href":"https:\/\/encuentroinformativo.com.mx\/index.php?rest_route=\/wp\/v2\/types\/post"}],"author":[{"embeddable":true,"href":"https:\/\/encuentroinformativo.com.mx\/index.php?rest_route=\/wp\/v2\/users\/2476"}],"replies":[{"embeddable":true,"href":"https:\/\/encuentroinformativo.com.mx\/index.php?rest_route=%2Fwp%2Fv2%2Fcomments&post=72556"}],"version-history":[{"count":1,"href":"https:\/\/encuentroinformativo.com.mx\/index.php?rest_route=\/wp\/v2\/posts\/72556\/revisions"}],"predecessor-version":[{"id":72558,"href":"https:\/\/encuentroinformativo.com.mx\/index.php?rest_route=\/wp\/v2\/posts\/72556\/revisions\/72558"}],"wp:featuredmedia":[{"embeddable":true,"href":"https:\/\/encuentroinformativo.com.mx\/index.php?rest_route=\/wp\/v2\/media\/72557"}],"wp:attachment":[{"href":"https:\/\/encuentroinformativo.com.mx\/index.php?rest_route=%2Fwp%2Fv2%2Fmedia&parent=72556"}],"wp:term":[{"taxonomy":"category","embeddable":true,"href":"https:\/\/encuentroinformativo.com.mx\/index.php?rest_route=%2Fwp%2Fv2%2Fcategories&post=72556"},{"taxonomy":"post_tag","embeddable":true,"href":"https:\/\/encuentroinformativo.com.mx\/index.php?rest_route=%2Fwp%2Fv2%2Ftags&post=72556"}],"curies":[{"name":"wp","href":"https:\/\/api.w.org\/{rel}","templated":true}]}}