{"id":72564,"date":"2025-11-05T11:15:42","date_gmt":"2025-11-05T17:15:42","guid":{"rendered":"https:\/\/encuentroinformativo.com.mx\/?p=72564"},"modified":"2025-11-05T11:15:42","modified_gmt":"2025-11-05T17:15:42","slug":"anuncian-encuentro-musical-causa-con-el-corazon-a-beneficio-caritas","status":"publish","type":"post","link":"https:\/\/encuentroinformativo.com.mx\/?p=72564","title":{"rendered":"Anuncian encuentro musical &#8216;Causa con el Coraz\u00f3n&#8221; a beneficio C\u00e1ritas"},"content":{"rendered":"<p><strong>Dar\u00edo Pale<\/strong><\/p>\n<p>Xalapa, Ver.- Con el objetivo de promover la solidaridad a trav\u00e9s de la m\u00fasica, el Cabildo Juvenil de Xalapa, la Regidur\u00eda Octava y la Direcci\u00f3n de Juventud del Ayuntamiento anunciaron la realizaci\u00f3n del primer encuentro musical de recaudaci\u00f3n \u201cCausa con el Coraz\u00f3n\u201d, cuya entrada ser\u00e1 mediante donativos destinados al asilo C\u00e1ritas.<\/p>\n<p>En conferencia de prensa, integrantes del Cabildo Juvenil junto a representantes de rondallas participantes dieron a conocer los detalles del evento que busca unir cultura, juventud y apoyo social.<\/p>\n<p>La s\u00edndica del 11\u00ba Cabildo Juvenil, Esther F\u00e9lix Ramos, impulsora de la iniciativa, inform\u00f3 que la cita ser\u00e1 el domingo 9 de noviembre a las 16:00 horas en el Auditorio de IMAC (antes IMAX). La entrada no tendr\u00e1 costo econ\u00f3mico; en su lugar, se solicitar\u00e1n donativos en especie, principalmente alimentos no perecederos como arroz, frijol, pastas, leche en polvo o deslactosada, adem\u00e1s de productos de limpieza como detergente l\u00edquido o en polvo, as\u00ed como pa\u00f1ales para adultos.<\/p>\n<p>\u201cEste encuentro inaugura un proyecto que une cultura, juventud y solidaridad a favor de quienes m\u00e1s lo necesitan. Los invitamos a sumarse con el coraz\u00f3n, asistir, apoyar y ser parte de este esfuerzo\u201d, expres\u00f3 F\u00e9lix Ramos.<\/p>\n<p>En el encuentro participar\u00e1n rondallas de Xalapa y Coatepec que se han unido con generosidad a la causa, entre ellas:<\/p>\n<p>Rondalla Magistral<\/p>\n<p>Rondalla San Mart\u00edn<\/p>\n<p>Rondalla Sorsal<\/p>\n<p>Rondalla Senderos de Amor<\/p>\n<p>Rondalla Diamantes de Xalapa<\/p>\n<p>Rondalla juvenil Ra\u00edces de un Sue\u00f1o<\/p>\n<p>Por su parte, el regidor octavo Carlos Rugerio Mart\u00ednez destac\u00f3 que Xalapa es \u201ccuna de rondallas\u201d, con agrupaciones que han competido a nivel nacional e internacional, por lo que tambi\u00e9n buscan preservar esta tradici\u00f3n art\u00edstica desde el ayuntamiento.<\/p>\n<p>El p\u00fablico asistente podr\u00e1 disfrutar de un repertorio variado con canciones rom\u00e1nticas, alegres y para bailar, en un ambiente totalmente familiar.<\/p>\n<p>\u201cCuando la m\u00fasica y la empat\u00eda se unen, Xalapa suena mejor. Lo que busca \u2018Causa con el Coraz\u00f3n\u2019 es construir una ciudad con amor\u201d, subray\u00f3 la organizadora.<\/p>\n<p>Autoridades e integrantes del Cabildo Juvenil reiteraron la invitaci\u00f3n a la ciudadan\u00eda a participar y apoyar a las personas adultas mayores del Asilo C\u00e1ritas mediante su asistencia y donaci\u00f3n.<\/p>\n<p><img loading=\"lazy\" decoding=\"async\" class=\"aligncenter size-medium wp-image-72566\" src=\"https:\/\/encuentroinformativo.com.mx\/wp-content\/uploads\/2025\/11\/IMG-20251105-WA0081-300x200.jpg\" alt=\"\" width=\"300\" height=\"200\" srcset=\"https:\/\/encuentroinformativo.com.mx\/wp-content\/uploads\/2025\/11\/IMG-20251105-WA0081-300x200.jpg 300w, https:\/\/encuentroinformativo.com.mx\/wp-content\/uploads\/2025\/11\/IMG-20251105-WA0081-1024x682.jpg 1024w, https:\/\/encuentroinformativo.com.mx\/wp-content\/uploads\/2025\/11\/IMG-20251105-WA0081-768x512.jpg 768w, https:\/\/encuentroinformativo.com.mx\/wp-content\/uploads\/2025\/11\/IMG-20251105-WA0081.jpg 1280w\" sizes=\"auto, (max-width: 300px) 100vw, 300px\" \/><\/p>\n<p>&nbsp;<\/p>\n","protected":false},"excerpt":{"rendered":"<p>Dar\u00edo Pale Xalapa, Ver.- Con el objetivo de promover la solidaridad a trav\u00e9s de la m\u00fasica, el Cabildo Juvenil de Xalapa, la Regidur\u00eda Octava y la Direcci\u00f3n de Juventud del Ayuntamiento anunciaron la realizaci\u00f3n del primer encuentro musical de recaudaci\u00f3n \u201cCausa con el Coraz\u00f3n\u201d, cuya entrada ser\u00e1 mediante donativos destinados al asilo C\u00e1ritas. En conferencia [&hellip;]<\/p>\n","protected":false},"author":2476,"featured_media":72565,"comment_status":"open","ping_status":"open","sticky":false,"template":"","format":"standard","meta":{"_jetpack_memberships_contains_paid_content":false,"footnotes":""},"categories":[3],"tags":[],"class_list":["post-72564","post","type-post","status-publish","format-standard","has-post-thumbnail","hentry","category-xalapa"],"jetpack_featured_media_url":"https:\/\/encuentroinformativo.com.mx\/wp-content\/uploads\/2025\/11\/IMG-20251105-WA0080.jpg","jetpack_sharing_enabled":true,"jetpack_likes_enabled":true,"amp_enabled":true,"_links":{"self":[{"href":"https:\/\/encuentroinformativo.com.mx\/index.php?rest_route=\/wp\/v2\/posts\/72564","targetHints":{"allow":["GET"]}}],"collection":[{"href":"https:\/\/encuentroinformativo.com.mx\/index.php?rest_route=\/wp\/v2\/posts"}],"about":[{"href":"https:\/\/encuentroinformativo.com.mx\/index.php?rest_route=\/wp\/v2\/types\/post"}],"author":[{"embeddable":true,"href":"https:\/\/encuentroinformativo.com.mx\/index.php?rest_route=\/wp\/v2\/users\/2476"}],"replies":[{"embeddable":true,"href":"https:\/\/encuentroinformativo.com.mx\/index.php?rest_route=%2Fwp%2Fv2%2Fcomments&post=72564"}],"version-history":[{"count":1,"href":"https:\/\/encuentroinformativo.com.mx\/index.php?rest_route=\/wp\/v2\/posts\/72564\/revisions"}],"predecessor-version":[{"id":72567,"href":"https:\/\/encuentroinformativo.com.mx\/index.php?rest_route=\/wp\/v2\/posts\/72564\/revisions\/72567"}],"wp:featuredmedia":[{"embeddable":true,"href":"https:\/\/encuentroinformativo.com.mx\/index.php?rest_route=\/wp\/v2\/media\/72565"}],"wp:attachment":[{"href":"https:\/\/encuentroinformativo.com.mx\/index.php?rest_route=%2Fwp%2Fv2%2Fmedia&parent=72564"}],"wp:term":[{"taxonomy":"category","embeddable":true,"href":"https:\/\/encuentroinformativo.com.mx\/index.php?rest_route=%2Fwp%2Fv2%2Fcategories&post=72564"},{"taxonomy":"post_tag","embeddable":true,"href":"https:\/\/encuentroinformativo.com.mx\/index.php?rest_route=%2Fwp%2Fv2%2Ftags&post=72564"}],"curies":[{"name":"wp","href":"https:\/\/api.w.org\/{rel}","templated":true}]}}