{"id":72568,"date":"2025-11-05T13:05:45","date_gmt":"2025-11-05T19:05:45","guid":{"rendered":"https:\/\/encuentroinformativo.com.mx\/?p=72568"},"modified":"2025-11-05T13:05:45","modified_gmt":"2025-11-05T19:05:45","slug":"festival-cibar-se-realizara-en-xalapa","status":"publish","type":"post","link":"https:\/\/encuentroinformativo.com.mx\/?p=72568","title":{"rendered":"Festival CIBAR se realizar\u00e1 en Xalapa"},"content":{"rendered":"<p><strong>Dar\u00edo Pale<\/strong><\/p>\n<p>Xalapa, Ver.- Del 9 al 15 de noviembre de 2025, la capital veracruzana se convertir\u00e1 una vez m\u00e1s en punto de encuentro para el talento musical internacional con la realizaci\u00f3n del Festival CIBAR, Octava Edici\u00f3n, considerado el festival de m\u00fasica cl\u00e1sica m\u00e1s importante de M\u00e9xico y uno de los m\u00e1s destacados a nivel global.<\/p>\n<p>El evento, bajo la direcci\u00f3n art\u00edstica del pianista y gestor cultural Mois\u00e9s Barradas, tendr\u00e1 como sede el Instituto Superior de M\u00fasica del Estado de Veracruz (ISMEV), donde se desarrollar\u00e1 un programa acad\u00e9mico y art\u00edstico de \u00e9lite dirigido a j\u00f3venes int\u00e9rpretes.<\/p>\n<p>Presencia de instituciones de talla mundial<\/p>\n<p>El festival contar\u00e1 con la participaci\u00f3n de reconocidos artistas y acad\u00e9micos provenientes de:<\/p>\n<p>Manhattan School of Music (Nueva York)<\/p>\n<p>Tianjin Juilliard School (China)<\/p>\n<p>Universit\u00e9 de Montr\u00e9al (Canad\u00e1)<\/p>\n<p>NYU \/ The New School Mannes (Estados Unidos)<\/p>\n<p>Adem\u00e1s, se espera la asistencia de m\u00e1s de 100 participantes de distintos estados del pa\u00eds, as\u00ed como de Francia, Inglaterra y Estados Unidos.<\/p>\n<p>Apertura con recital hist\u00f3rico<\/p>\n<p>La inauguraci\u00f3n tendr\u00e1 lugar el domingo 9 de noviembre, con la conferencia \u201cSalud mental y autocuidado\u201d por la psic\u00f3loga Mariana Barradas, seguida del recital del maestro Jorge Luis Prats, uno de los pianistas latinoamericanos m\u00e1s influyentes, quien interpretar\u00e1 de forma \u00edntegra la monumental suite Iberia, de Isaac Alb\u00e9niz.<\/p>\n<p>\ud83d\udccd 9 de noviembre, 12:30 horas \u2014 Sala Anexa del Centro Cultural Tlaqn\u00e1<\/p>\n<p>Actividades destacadas del festival<\/p>\n<p>La programaci\u00f3n incluye conciertos, clases magistrales y conferencias abiertas al p\u00fablico. Entre los eventos principales:<\/p>\n<p>Mi\u00e9rcoles 12 \u2014 Auditorio ISMEV<br \/>\nRecital de piano con Santiago Pi\u00f1eir\u00faa: obras de Chopin y Mozart<\/p>\n<p>Jueves 13 \u2014 Magno Concierto<br \/>\nChlo\u00e9 Kiffer (viol\u00edn) con la OSJEV, interpretando a Bruch<br \/>\nDirecci\u00f3n: Consuelo Bolio<\/p>\n<p>Viernes 14 \u2014 Auditorio ISMEV<br \/>\nConferencia de Mois\u00e9s Barradas sobre Prokofiev<br \/>\nPosteriormente, Alexandre Moutouzkine con la Orquesta Sinf\u00f3nica de Xalapa, dirigidos por Mart\u00edn Lebel<\/p>\n<p>S\u00e1bado 15 \u2014 Clausura<br \/>\nRecital de flauta y c\u00e1mara con Gergely Ittz\u00e9s y ceremonia final<\/p>\n<p>CIBAR: m\u00fasica para transformar vidas<\/p>\n<p>El Festival promueve un modelo de acceso democr\u00e1tico a la educaci\u00f3n musical de alto nivel, fomentando la excelencia art\u00edstica como v\u00eda de transformaci\u00f3n social.<\/p>\n<p>El proyecto es organizado por CIBAR A.C., donataria autorizada, con el apoyo del Sistema de Apoyos a la Creaci\u00f3n y Proyectos Culturales (SACPC) de la Secretar\u00eda de Cultura del Gobierno de M\u00e9xico, as\u00ed como empresas e instituciones acad\u00e9micas nacionales e internacionales.<\/p>\n","protected":false},"excerpt":{"rendered":"<p>Dar\u00edo Pale Xalapa, Ver.- Del 9 al 15 de noviembre de 2025, la capital veracruzana se convertir\u00e1 una vez m\u00e1s en punto de encuentro para el talento musical internacional con la realizaci\u00f3n del Festival CIBAR, Octava Edici\u00f3n, considerado el festival de m\u00fasica cl\u00e1sica m\u00e1s importante de M\u00e9xico y uno de los m\u00e1s destacados a nivel [&hellip;]<\/p>\n","protected":false},"author":2476,"featured_media":72570,"comment_status":"open","ping_status":"open","sticky":false,"template":"","format":"standard","meta":{"_jetpack_memberships_contains_paid_content":false,"footnotes":""},"categories":[3],"tags":[],"class_list":["post-72568","post","type-post","status-publish","format-standard","has-post-thumbnail","hentry","category-xalapa"],"jetpack_featured_media_url":"https:\/\/encuentroinformativo.com.mx\/wp-content\/uploads\/2025\/11\/IMG-20251105-WA0075-1.jpg","jetpack_sharing_enabled":true,"jetpack_likes_enabled":true,"amp_enabled":true,"_links":{"self":[{"href":"https:\/\/encuentroinformativo.com.mx\/index.php?rest_route=\/wp\/v2\/posts\/72568","targetHints":{"allow":["GET"]}}],"collection":[{"href":"https:\/\/encuentroinformativo.com.mx\/index.php?rest_route=\/wp\/v2\/posts"}],"about":[{"href":"https:\/\/encuentroinformativo.com.mx\/index.php?rest_route=\/wp\/v2\/types\/post"}],"author":[{"embeddable":true,"href":"https:\/\/encuentroinformativo.com.mx\/index.php?rest_route=\/wp\/v2\/users\/2476"}],"replies":[{"embeddable":true,"href":"https:\/\/encuentroinformativo.com.mx\/index.php?rest_route=%2Fwp%2Fv2%2Fcomments&post=72568"}],"version-history":[{"count":1,"href":"https:\/\/encuentroinformativo.com.mx\/index.php?rest_route=\/wp\/v2\/posts\/72568\/revisions"}],"predecessor-version":[{"id":72571,"href":"https:\/\/encuentroinformativo.com.mx\/index.php?rest_route=\/wp\/v2\/posts\/72568\/revisions\/72571"}],"wp:featuredmedia":[{"embeddable":true,"href":"https:\/\/encuentroinformativo.com.mx\/index.php?rest_route=\/wp\/v2\/media\/72570"}],"wp:attachment":[{"href":"https:\/\/encuentroinformativo.com.mx\/index.php?rest_route=%2Fwp%2Fv2%2Fmedia&parent=72568"}],"wp:term":[{"taxonomy":"category","embeddable":true,"href":"https:\/\/encuentroinformativo.com.mx\/index.php?rest_route=%2Fwp%2Fv2%2Fcategories&post=72568"},{"taxonomy":"post_tag","embeddable":true,"href":"https:\/\/encuentroinformativo.com.mx\/index.php?rest_route=%2Fwp%2Fv2%2Ftags&post=72568"}],"curies":[{"name":"wp","href":"https:\/\/api.w.org\/{rel}","templated":true}]}}