{"id":7258,"date":"2020-10-23T15:35:00","date_gmt":"2020-10-23T20:35:00","guid":{"rendered":"https:\/\/encuentroinformativo.com.mx\/?p=7258"},"modified":"2020-10-23T15:35:04","modified_gmt":"2020-10-23T20:35:04","slug":"iglesia-reitera-llamado-para-evitar-peregrinaciones","status":"publish","type":"post","link":"https:\/\/encuentroinformativo.com.mx\/?p=7258","title":{"rendered":"Iglesia reitera llamado para evitar peregrinaciones"},"content":{"rendered":"\n<p><strong>Juan Arcos <\/strong><\/p>\n\n\n\n<p>Xalapa, Ver.- La Arquidi\u00f3cesis de Xalapa recomend\u00f3 a la poblaci\u00f3n no realizar peregrinaciones durante las festividades en honor a San Rafael Gu\u00edzar y Valencia.<\/p>\n\n\n\n<p>De acuerdo con el vocero de la Arquidi\u00f3cesis, Jos\u00e9 Manuel Suazo Reyes, estar\u00e1 abierta la tumba de San Rafael para que la gente pueda ingresar en grupos de 200 personas, donde se garantizar\u00e1 la sana distancia para evitar contagios de SARS-COV-2 (COVID-19).\u00a0<\/p>\n\n\n\n<p>\u201cSe est\u00e1 invitando a la gente a que no haya procesiones, como se sol\u00edan dar y porque las celebraciones que habr\u00e1 van a ser con entradas limitadas o controladas\u201d.<\/p>\n\n\n\n<p>El Presb\u00edtero consider\u00f3 que tambi\u00e9n se estar\u00e1 aplicando gel antibacterial a quienes ingresen a la Catedral de Xalapa, durante las celebraciones de los d\u00edas 23 y 24 de octubre.<br>\u201cNo ser\u00e1 una celebraci\u00f3n abierta. Estar\u00e1 abierta la tumba para que la gente pueda pasar a visitarla y al mismo tiempo estar circulando por ah\u00ed, sin detenerse en la Catedral\u201d.<\/p>\n\n\n\n<p>Las actividades ser\u00e1n transmitidas a trav\u00e9s de las redes sociales de la Arquidi\u00f3cesis de Xalapa, para evitar grandes concentraciones de personas.<\/p>\n\n\n\n<p>\u201cEn la tumba hay un lugar aproximado como para 200 personas, guardando la sana distancia y todo lo que recomienda la autoridad sanitaria\u201d.<\/p>\n\n\n\n<p>De las 16:00 horas de este viernes a las 20:00 horas del s\u00e1bado, se realizar\u00eda la visita virtual en la tumba de San Rafael Gu\u00edzar y Valencia, mediante una transmisi\u00f3n en vivo continua, en redes sociales.<\/p>\n\n\n\n<p>La misa en honor a san Rafael ser\u00e1 presidida por el monse\u00f1or Rafael Palma Capetillo a las 23:00 horas de este viernes. Mientras que la misa por la memoria lit\u00fargica de este santo ser\u00e1 presidida por el Nuncio Apost\u00f3lico Franco Coppola a las 12:00 horas del s\u00e1bado.<\/p>\n","protected":false},"excerpt":{"rendered":"<p>Juan Arcos Xalapa, Ver.- La Arquidi\u00f3cesis de Xalapa recomend\u00f3 a la poblaci\u00f3n no realizar peregrinaciones durante las festividades en honor a San Rafael Gu\u00edzar y Valencia. De acuerdo con el vocero de la Arquidi\u00f3cesis, Jos\u00e9 Manuel Suazo Reyes, estar\u00e1 abierta la tumba de San Rafael para que la gente pueda ingresar en grupos de 200 [&hellip;]<\/p>\n","protected":false},"author":1,"featured_media":7259,"comment_status":"open","ping_status":"open","sticky":false,"template":"","format":"standard","meta":{"_jetpack_memberships_contains_paid_content":false,"footnotes":""},"categories":[3],"tags":[],"class_list":["post-7258","post","type-post","status-publish","format-standard","has-post-thumbnail","hentry","category-xalapa"],"jetpack_featured_media_url":"https:\/\/encuentroinformativo.com.mx\/wp-content\/uploads\/2020\/10\/3F03A973-629E-4005-8E4F-E47F2D7F7240.jpeg","jetpack_sharing_enabled":true,"jetpack_likes_enabled":true,"amp_enabled":true,"_links":{"self":[{"href":"https:\/\/encuentroinformativo.com.mx\/index.php?rest_route=\/wp\/v2\/posts\/7258","targetHints":{"allow":["GET"]}}],"collection":[{"href":"https:\/\/encuentroinformativo.com.mx\/index.php?rest_route=\/wp\/v2\/posts"}],"about":[{"href":"https:\/\/encuentroinformativo.com.mx\/index.php?rest_route=\/wp\/v2\/types\/post"}],"author":[{"embeddable":true,"href":"https:\/\/encuentroinformativo.com.mx\/index.php?rest_route=\/wp\/v2\/users\/1"}],"replies":[{"embeddable":true,"href":"https:\/\/encuentroinformativo.com.mx\/index.php?rest_route=%2Fwp%2Fv2%2Fcomments&post=7258"}],"version-history":[{"count":1,"href":"https:\/\/encuentroinformativo.com.mx\/index.php?rest_route=\/wp\/v2\/posts\/7258\/revisions"}],"predecessor-version":[{"id":7260,"href":"https:\/\/encuentroinformativo.com.mx\/index.php?rest_route=\/wp\/v2\/posts\/7258\/revisions\/7260"}],"wp:featuredmedia":[{"embeddable":true,"href":"https:\/\/encuentroinformativo.com.mx\/index.php?rest_route=\/wp\/v2\/media\/7259"}],"wp:attachment":[{"href":"https:\/\/encuentroinformativo.com.mx\/index.php?rest_route=%2Fwp%2Fv2%2Fmedia&parent=7258"}],"wp:term":[{"taxonomy":"category","embeddable":true,"href":"https:\/\/encuentroinformativo.com.mx\/index.php?rest_route=%2Fwp%2Fv2%2Fcategories&post=7258"},{"taxonomy":"post_tag","embeddable":true,"href":"https:\/\/encuentroinformativo.com.mx\/index.php?rest_route=%2Fwp%2Fv2%2Ftags&post=7258"}],"curies":[{"name":"wp","href":"https:\/\/api.w.org\/{rel}","templated":true}]}}