{"id":72584,"date":"2025-11-05T15:58:22","date_gmt":"2025-11-05T21:58:22","guid":{"rendered":"https:\/\/encuentroinformativo.com.mx\/?p=72584"},"modified":"2025-11-05T15:58:22","modified_gmt":"2025-11-05T21:58:22","slug":"invertir-en-veracruz-esta-de-moda-instala-gobernadora-el-comite-promotor-de-inversiones","status":"publish","type":"post","link":"https:\/\/encuentroinformativo.com.mx\/?p=72584","title":{"rendered":"Invertir en Veracruz est\u00e1 de moda: instala Gobernadora el Comit\u00e9 Promotor de Inversiones"},"content":{"rendered":"<p><strong>* Proyecta atracci\u00f3n de capital por m\u00e1s de 13 mil 600 millones de d\u00f3lares.<\/strong><\/p>\n<p><strong>* Promueve un entorno de certeza jur\u00eddica y competitividad.<\/strong><\/p>\n<p>Boca del R\u00edo, Ver.- La gobernadora Roc\u00edo Nahle Garc\u00eda encabez\u00f3 la instalaci\u00f3n del Comit\u00e9 Promotor de Inversiones de Veracruz, un \u00f3rgano estrat\u00e9gico que forma parte del Plan M\u00e9xico, orientado a consolidar una pol\u00edtica industrial nacional, facilitar la inversi\u00f3n y fortalecer la cadena productiva en los estados.<\/p>\n<p>Respaldada por el sector empresarial e industrial y acompa\u00f1ada por el subsecretario de Industria y Comercio de la Secretar\u00eda de Econom\u00eda, Vidal Llerenas Morales, y el secretario de Desarrollo Econ\u00f3mico y Portuario, Ernesto P\u00e9rez Astorga, destac\u00f3 que este Comit\u00e9 representa una alianza efectiva entre los tres \u00f3rdenes de gobierno.<\/p>\n<p>\u201cVeracruz tiene todo: puertos, industria, agroindustria y una tradici\u00f3n de trabajo y productividad. Este Comit\u00e9 nos permitir\u00e1 impulsar con mayor fuerza nuestras cadenas de valor y acompa\u00f1ar los nuevos proyectos con certeza y respaldo institucional\u201d.<\/p>\n<p>A\u00f1adi\u00f3 que, alineados con la pol\u00edtica nacional que encabeza la presidenta Claudia Sheinbaum Pardo, Veracruz promueve inversiones responsables y sostenibles que fortalezcan la econom\u00eda estatal y generen empleos de calidad; a la fecha cuenta con proyectos en proceso, adem\u00e1s de infraestructura y condiciones log\u00edsticas privilegiadas para el comercio con Europa, Latinoam\u00e9rica y la costa este de Estados Unidos.<\/p>\n<p>El subsecretario de Econom\u00eda explic\u00f3 que los Comit\u00e9s Promotores operan en todo el pa\u00eds como parte del Plan M\u00e9xico, con el objetivo de dar seguimiento, agilizar tr\u00e1mites y acompa\u00f1amiento hasta su consolidaci\u00f3n; el modelo busca que el gobierno sea un facilitador y no un obst\u00e1culo para la inversi\u00f3n, impulsando una pol\u00edtica industrial moderna, territorial y sostenible.<\/p>\n<p>En su intervenci\u00f3n, el Secretario de Desarrollo inform\u00f3 que, bajo el liderazgo de la Gobernadora, se ha generado un ambiente de confianza resultando en nueve proyectos en marcha con una inversi\u00f3n de 4 mil 102 millones de d\u00f3lares, cifra comparable a la captada a nivel nacional.<\/p>\n<p>Adem\u00e1s, el Complejo Petroqu\u00edmico Escol\u00edn, en alianza con Mota Engil, y la Escollera del puerto de Veracruz, que consolidan a la entidad como eje log\u00edstico y energ\u00e9tico del pa\u00eds; as\u00ed como 21 proyectos adicionales en preparaci\u00f3n, con una proyecci\u00f3n de 9 mil 500 millones de d\u00f3lares, que duplicar\u00e1n la inversi\u00f3n registrada hasta la fecha.<\/p>\n<p>Finalmente, la Gobernadora reiter\u00f3 que Veracruz ofrece seguridad jur\u00eddica, certidumbre y una gesti\u00f3n comprometida, \u201caqu\u00ed, si se puede, es s\u00ed. Y si no se puede, tambi\u00e9n lo decimos con claridad. Veracruz tiene fortaleza, empuje y rumbo. Bienvenidas todas las inversiones que generen bienestar y desarrollo para nuestra gente\u201d.<\/p>\n","protected":false},"excerpt":{"rendered":"<p>* Proyecta atracci\u00f3n de capital por m\u00e1s de 13 mil 600 millones de d\u00f3lares. * Promueve un entorno de certeza jur\u00eddica y competitividad. Boca del R\u00edo, Ver.- La gobernadora Roc\u00edo Nahle Garc\u00eda encabez\u00f3 la instalaci\u00f3n del Comit\u00e9 Promotor de Inversiones de Veracruz, un \u00f3rgano estrat\u00e9gico que forma parte del Plan M\u00e9xico, orientado a consolidar una [&hellip;]<\/p>\n","protected":false},"author":2476,"featured_media":72585,"comment_status":"open","ping_status":"open","sticky":false,"template":"","format":"standard","meta":{"_jetpack_memberships_contains_paid_content":false,"footnotes":""},"categories":[2],"tags":[],"class_list":["post-72584","post","type-post","status-publish","format-standard","has-post-thumbnail","hentry","category-estado"],"jetpack_featured_media_url":"https:\/\/encuentroinformativo.com.mx\/wp-content\/uploads\/2025\/11\/IMG-20251105-WA02452-scaled.jpg","jetpack_sharing_enabled":true,"jetpack_likes_enabled":true,"amp_enabled":true,"_links":{"self":[{"href":"https:\/\/encuentroinformativo.com.mx\/index.php?rest_route=\/wp\/v2\/posts\/72584","targetHints":{"allow":["GET"]}}],"collection":[{"href":"https:\/\/encuentroinformativo.com.mx\/index.php?rest_route=\/wp\/v2\/posts"}],"about":[{"href":"https:\/\/encuentroinformativo.com.mx\/index.php?rest_route=\/wp\/v2\/types\/post"}],"author":[{"embeddable":true,"href":"https:\/\/encuentroinformativo.com.mx\/index.php?rest_route=\/wp\/v2\/users\/2476"}],"replies":[{"embeddable":true,"href":"https:\/\/encuentroinformativo.com.mx\/index.php?rest_route=%2Fwp%2Fv2%2Fcomments&post=72584"}],"version-history":[{"count":1,"href":"https:\/\/encuentroinformativo.com.mx\/index.php?rest_route=\/wp\/v2\/posts\/72584\/revisions"}],"predecessor-version":[{"id":72586,"href":"https:\/\/encuentroinformativo.com.mx\/index.php?rest_route=\/wp\/v2\/posts\/72584\/revisions\/72586"}],"wp:featuredmedia":[{"embeddable":true,"href":"https:\/\/encuentroinformativo.com.mx\/index.php?rest_route=\/wp\/v2\/media\/72585"}],"wp:attachment":[{"href":"https:\/\/encuentroinformativo.com.mx\/index.php?rest_route=%2Fwp%2Fv2%2Fmedia&parent=72584"}],"wp:term":[{"taxonomy":"category","embeddable":true,"href":"https:\/\/encuentroinformativo.com.mx\/index.php?rest_route=%2Fwp%2Fv2%2Fcategories&post=72584"},{"taxonomy":"post_tag","embeddable":true,"href":"https:\/\/encuentroinformativo.com.mx\/index.php?rest_route=%2Fwp%2Fv2%2Ftags&post=72584"}],"curies":[{"name":"wp","href":"https:\/\/api.w.org\/{rel}","templated":true}]}}