{"id":72597,"date":"2025-11-06T13:51:42","date_gmt":"2025-11-06T19:51:42","guid":{"rendered":"https:\/\/encuentroinformativo.com.mx\/?p=72597"},"modified":"2025-11-06T13:51:42","modified_gmt":"2025-11-06T19:51:42","slug":"podria-proceder-libertad-anticipada-de-javier-duarte-senala-especialista","status":"publish","type":"post","link":"https:\/\/encuentroinformativo.com.mx\/?p=72597","title":{"rendered":"Podr\u00eda proceder libertad anticipada de Javier Duarte, se\u00f1ala especialista"},"content":{"rendered":"<p><strong>Dar\u00edo Pale<\/strong><\/p>\n<p>Xalapa, Ver.- El exgobernador de Veracruz, Javier Duarte de Ochoa, podr\u00eda abandonar el Reclusorio Norte en la Ciudad de M\u00e9xico en los pr\u00f3ximos d\u00edas, luego de haber cumplido la mayor\u00eda de los requisitos legales para acceder a la libertad anticipada, inform\u00f3 el exsubprocurador de Justicia, Jorge Yunis Manzanares.<\/p>\n<p>En entrevista, el especialista en derecho penal explic\u00f3 que los abogados del exmandatario habr\u00edan demostrado ante el juez de ejecuci\u00f3n que Duarte mantiene buena conducta dentro del penal, ha cubierto la reparaci\u00f3n del da\u00f1o y no enfrenta procesos adicionales que impliquen prisi\u00f3n preventiva oficiosa.<\/p>\n<p>\u201cSi sus abogados demostraron una buena conducta, haber cumplido con el plan de actividades, cubierto la reparaci\u00f3n del da\u00f1o y no estar sujeto a otro proceso penal del fuero com\u00fan, adem\u00e1s de haber purgado el 70% del delito doloso, puede alcanzar la libertad condicional\u201d, se\u00f1al\u00f3 Yunis.<\/p>\n<p>\u00danica causa que mantiene a Duarte en la c\u00e1rcel es federal<\/p>\n<p>Duarte de Ochoa fue detenido y condenado por asociaci\u00f3n delictuosa y lavado de dinero. Aunque tambi\u00e9n enfrenta se\u00f1alamientos por peculado, tr\u00e1fico de influencias e incumplimiento del deber legal, estos no ameritan prisi\u00f3n preventiva.<\/p>\n<p>El exgobernador cumple una sentencia de nueve a\u00f1os de prisi\u00f3n, dictada el 26 de septiembre de 2018, y se encuentra recluido desde entonces en el Reclusorio Norte.<\/p>\n<p>Yunis Manzanares record\u00f3 que el caso penal tuvo modificaciones que favorecen su acceso a beneficios:<\/p>\n<p>\u201cEn su momento, la PGR le vari\u00f3 el delito de delincuencia organizada a asociaci\u00f3n delictuosa; si hubiera permanecido en delincuencia organizada tendr\u00eda que cumplir la sentencia completa, sin beneficios\u201d, subray\u00f3.<\/p>\n<p>El experto explic\u00f3 que, de haberse acreditado jornadas de actividades dentro del penal, estas reducir\u00edan el tiempo de sentencia:<\/p>\n<p>\u201cPor dos d\u00edas de trabajo, le quitan uno de sentencia\u201d, detall\u00f3.<\/p>\n<p>Con m\u00e1s del 75% de la condena cumplida y sin impedimentos legales adicionales, el juez de ejecuci\u00f3n decidir\u00e1 si se concede la libertad anticipada.<\/p>\n<p>Finalmente se\u00f1al\u00f3 que, \u201csi cumpli\u00f3 con todo, tiene derecho. Y la libertad anticipada tendr\u00eda que proceder\u201d.<\/p>\n","protected":false},"excerpt":{"rendered":"<p>Dar\u00edo Pale Xalapa, Ver.- El exgobernador de Veracruz, Javier Duarte de Ochoa, podr\u00eda abandonar el Reclusorio Norte en la Ciudad de M\u00e9xico en los pr\u00f3ximos d\u00edas, luego de haber cumplido la mayor\u00eda de los requisitos legales para acceder a la libertad anticipada, inform\u00f3 el exsubprocurador de Justicia, Jorge Yunis Manzanares. En entrevista, el especialista en [&hellip;]<\/p>\n","protected":false},"author":2476,"featured_media":72598,"comment_status":"open","ping_status":"open","sticky":false,"template":"","format":"standard","meta":{"_jetpack_memberships_contains_paid_content":false,"footnotes":""},"categories":[2],"tags":[],"class_list":["post-72597","post","type-post","status-publish","format-standard","has-post-thumbnail","hentry","category-estado"],"jetpack_featured_media_url":"https:\/\/encuentroinformativo.com.mx\/wp-content\/uploads\/2025\/11\/IMG-20251106-WA01432.jpg","jetpack_sharing_enabled":true,"jetpack_likes_enabled":true,"amp_enabled":true,"_links":{"self":[{"href":"https:\/\/encuentroinformativo.com.mx\/index.php?rest_route=\/wp\/v2\/posts\/72597","targetHints":{"allow":["GET"]}}],"collection":[{"href":"https:\/\/encuentroinformativo.com.mx\/index.php?rest_route=\/wp\/v2\/posts"}],"about":[{"href":"https:\/\/encuentroinformativo.com.mx\/index.php?rest_route=\/wp\/v2\/types\/post"}],"author":[{"embeddable":true,"href":"https:\/\/encuentroinformativo.com.mx\/index.php?rest_route=\/wp\/v2\/users\/2476"}],"replies":[{"embeddable":true,"href":"https:\/\/encuentroinformativo.com.mx\/index.php?rest_route=%2Fwp%2Fv2%2Fcomments&post=72597"}],"version-history":[{"count":1,"href":"https:\/\/encuentroinformativo.com.mx\/index.php?rest_route=\/wp\/v2\/posts\/72597\/revisions"}],"predecessor-version":[{"id":72599,"href":"https:\/\/encuentroinformativo.com.mx\/index.php?rest_route=\/wp\/v2\/posts\/72597\/revisions\/72599"}],"wp:featuredmedia":[{"embeddable":true,"href":"https:\/\/encuentroinformativo.com.mx\/index.php?rest_route=\/wp\/v2\/media\/72598"}],"wp:attachment":[{"href":"https:\/\/encuentroinformativo.com.mx\/index.php?rest_route=%2Fwp%2Fv2%2Fmedia&parent=72597"}],"wp:term":[{"taxonomy":"category","embeddable":true,"href":"https:\/\/encuentroinformativo.com.mx\/index.php?rest_route=%2Fwp%2Fv2%2Fcategories&post=72597"},{"taxonomy":"post_tag","embeddable":true,"href":"https:\/\/encuentroinformativo.com.mx\/index.php?rest_route=%2Fwp%2Fv2%2Ftags&post=72597"}],"curies":[{"name":"wp","href":"https:\/\/api.w.org\/{rel}","templated":true}]}}