{"id":72600,"date":"2025-11-06T14:13:12","date_gmt":"2025-11-06T20:13:12","guid":{"rendered":"https:\/\/encuentroinformativo.com.mx\/?p=72600"},"modified":"2025-11-06T14:13:12","modified_gmt":"2025-11-06T20:13:12","slug":"tras-cinco-anos-familias-reclaman-justicia-en-la-fiscalia","status":"publish","type":"post","link":"https:\/\/encuentroinformativo.com.mx\/?p=72600","title":{"rendered":"Tras cinco a\u00f1os, familias reclaman justicia en la Fiscal\u00eda"},"content":{"rendered":"<p><strong>Dar\u00edo Pale<\/strong><\/p>\n<p>Xalapa, Ver.- Tres familias veracruzanas se manifestaron de manera pac\u00edfica frente a la Fiscal\u00eda General del Estado (FGE), para exigir justicia por el asesinato de sus hijos, quienes, denuncian, murieron a manos de elementos de la Secretar\u00eda de Seguridad P\u00fablica del Estado.<\/p>\n<p>Los casos, seg\u00fan relatan, ocurrieron en distintas fechas y municipios, pero comparten un mismo patr\u00f3n: uso excesivo de la fuerza y falta de resultados en las investigaciones. Aseguran que, tras cinco a\u00f1os de denuncias y gestiones legales, no hay un solo responsable detenido ni sentenciado.<\/p>\n<p>\u201cLa verdad de nosotros, si no tiene poder, jam\u00e1s va a ser verdad para ellos\u201d, expres\u00f3 Diego Arnoldo Castro L\u00f3pez, padre de Gerson Azahel Castro Castellanos.<\/p>\n<p>Castro L\u00f3pez se\u00f1al\u00f3 que su hijo de 25 a\u00f1os -padre soltero- fue brutalmente golpeado por polic\u00edas estatales el 11 de diciembre de 2020 y muri\u00f3 cuatro d\u00edas despu\u00e9s como consecuencia de las lesiones.<\/p>\n<p>Asegura que existe un testigo presencial y un audio dejado por el joven, pero las autoridades han restado importancia a dichas pruebas.<\/p>\n<p>Tres j\u00f3venes, tres familias y un mismo grito: justicia<\/p>\n<p>Los nombres de las v\u00edctimas son:<\/p>\n<p>Carlos Landa<\/p>\n<p>Gustavo Ortiz<\/p>\n<p>Gerson Azahel Castro Castellanos<\/p>\n<p>Las familias afirman que sus hijos eran inocentes, no ten\u00edan antecedentes y fueron violentados sin justificaci\u00f3n.<\/p>\n<p>\u201cNuestros hijos ya descansan en paz, pero las familias no tenemos paz. Seguimos luchando para encontrar un poco de calma en este dolor\u201d, declar\u00f3 el padre de Gerson.<\/p>\n<p>Piden audiencia con la gobernadora<\/p>\n<p>Las familias solicitaron una reuni\u00f3n directa con la titular del Ejecutivo estatal.<\/p>\n<p>\u201cNo queremos que la Fiscal\u00eda deje los casos inconclusos y que el que venga atr\u00e1s haga lo que quiera. No es justo que las leyes solo se apliquen para los pobres\u201d, se\u00f1al\u00f3 Castro L\u00f3pez.<\/p>\n<p>\u201cSomos tres familias que seguimos afectadas por esta p\u00e9rdida irreparable. Nuestros hijos no eran delincuentes y merecen justicia\u201d, concluyeron los manifestantes, quienes adelantaron que mantendr\u00e1n las protestas de forma permanente hasta obtener una resoluci\u00f3n.<\/p>\n","protected":false},"excerpt":{"rendered":"<p>Dar\u00edo Pale Xalapa, Ver.- Tres familias veracruzanas se manifestaron de manera pac\u00edfica frente a la Fiscal\u00eda General del Estado (FGE), para exigir justicia por el asesinato de sus hijos, quienes, denuncian, murieron a manos de elementos de la Secretar\u00eda de Seguridad P\u00fablica del Estado. Los casos, seg\u00fan relatan, ocurrieron en distintas fechas y municipios, pero [&hellip;]<\/p>\n","protected":false},"author":2476,"featured_media":72601,"comment_status":"open","ping_status":"open","sticky":false,"template":"","format":"standard","meta":{"_jetpack_memberships_contains_paid_content":false,"footnotes":""},"categories":[2],"tags":[],"class_list":["post-72600","post","type-post","status-publish","format-standard","has-post-thumbnail","hentry","category-estado"],"jetpack_featured_media_url":"https:\/\/encuentroinformativo.com.mx\/wp-content\/uploads\/2025\/11\/IMG-20251106-WA0156.jpg","jetpack_sharing_enabled":true,"jetpack_likes_enabled":true,"amp_enabled":true,"_links":{"self":[{"href":"https:\/\/encuentroinformativo.com.mx\/index.php?rest_route=\/wp\/v2\/posts\/72600","targetHints":{"allow":["GET"]}}],"collection":[{"href":"https:\/\/encuentroinformativo.com.mx\/index.php?rest_route=\/wp\/v2\/posts"}],"about":[{"href":"https:\/\/encuentroinformativo.com.mx\/index.php?rest_route=\/wp\/v2\/types\/post"}],"author":[{"embeddable":true,"href":"https:\/\/encuentroinformativo.com.mx\/index.php?rest_route=\/wp\/v2\/users\/2476"}],"replies":[{"embeddable":true,"href":"https:\/\/encuentroinformativo.com.mx\/index.php?rest_route=%2Fwp%2Fv2%2Fcomments&post=72600"}],"version-history":[{"count":1,"href":"https:\/\/encuentroinformativo.com.mx\/index.php?rest_route=\/wp\/v2\/posts\/72600\/revisions"}],"predecessor-version":[{"id":72602,"href":"https:\/\/encuentroinformativo.com.mx\/index.php?rest_route=\/wp\/v2\/posts\/72600\/revisions\/72602"}],"wp:featuredmedia":[{"embeddable":true,"href":"https:\/\/encuentroinformativo.com.mx\/index.php?rest_route=\/wp\/v2\/media\/72601"}],"wp:attachment":[{"href":"https:\/\/encuentroinformativo.com.mx\/index.php?rest_route=%2Fwp%2Fv2%2Fmedia&parent=72600"}],"wp:term":[{"taxonomy":"category","embeddable":true,"href":"https:\/\/encuentroinformativo.com.mx\/index.php?rest_route=%2Fwp%2Fv2%2Fcategories&post=72600"},{"taxonomy":"post_tag","embeddable":true,"href":"https:\/\/encuentroinformativo.com.mx\/index.php?rest_route=%2Fwp%2Fv2%2Ftags&post=72600"}],"curies":[{"name":"wp","href":"https:\/\/api.w.org\/{rel}","templated":true}]}}