{"id":72603,"date":"2025-11-06T14:22:48","date_gmt":"2025-11-06T20:22:48","guid":{"rendered":"https:\/\/encuentroinformativo.com.mx\/?p=72603"},"modified":"2025-11-06T14:22:48","modified_gmt":"2025-11-06T20:22:48","slug":"padres-reclaman-reinstalacion-de-docentes-en-telesecundaria-torres-bodet","status":"publish","type":"post","link":"https:\/\/encuentroinformativo.com.mx\/?p=72603","title":{"rendered":"Padres reclaman reinstalaci\u00f3n de docentes en telesecundaria Torres Bodet"},"content":{"rendered":"<p><strong>Dar\u00edo Pale<\/strong><\/p>\n<p>Xalapa, Ver.- Padres y madres de familia de la Telesecundaria \u201cJaime Torres Bodet\u201d bloquearon las instalaciones del plantel educativo este jueves 6 de noviembre para exigir la reinstalaci\u00f3n de tres docentes que, aseguran, fueron separados de sus funciones sin pruebas.<\/p>\n<p>Desde temprana hora colocaron cartulinas y se apostaron afuera de la escuela ubicada en la calle Macadamia, colonia Campo de Tiro, impidiendo el acceso tanto al personal como al alumnado.<\/p>\n<p>Los manifestantes se\u00f1alaron que la ausencia del personal docente mantiene afectada la educaci\u00f3n de aproximadamente 450 estudiantes.<\/p>\n<p>\u201cExigimos el regreso de los maestros Marcos, C\u00e9sar e Irving. Fueron cesados sin pruebas. Hasta que ellos no regresen, no vamos a abrir la escuela\u201d, expresaron.<\/p>\n<p>Los profesores fueron se\u00f1alados por presunto acoso laboral contra una compa\u00f1era dentro de la instituci\u00f3n; sin embargo, los tutores consideran que el proceso administrativo no ha sido claro ni transparente.<\/p>\n<p>Por \u00faltimo ante la falta de una respuesta de las autoridades educativas, los padres advirtieron que mantendr\u00e1n la toma del plantel hasta que la Secretar\u00eda de Educaci\u00f3n de Veracruz (SEV) revise el caso y emita una resoluci\u00f3n que permita restablecer las actividades acad\u00e9micas.<\/p>\n","protected":false},"excerpt":{"rendered":"<p>Dar\u00edo Pale Xalapa, Ver.- Padres y madres de familia de la Telesecundaria \u201cJaime Torres Bodet\u201d bloquearon las instalaciones del plantel educativo este jueves 6 de noviembre para exigir la reinstalaci\u00f3n de tres docentes que, aseguran, fueron separados de sus funciones sin pruebas. Desde temprana hora colocaron cartulinas y se apostaron afuera de la escuela ubicada [&hellip;]<\/p>\n","protected":false},"author":2476,"featured_media":72604,"comment_status":"open","ping_status":"open","sticky":false,"template":"","format":"standard","meta":{"_jetpack_memberships_contains_paid_content":false,"footnotes":""},"categories":[3],"tags":[],"class_list":["post-72603","post","type-post","status-publish","format-standard","has-post-thumbnail","hentry","category-xalapa"],"jetpack_featured_media_url":"https:\/\/encuentroinformativo.com.mx\/wp-content\/uploads\/2025\/11\/IMG-20251106-WA0172.jpg","jetpack_sharing_enabled":true,"jetpack_likes_enabled":true,"amp_enabled":true,"_links":{"self":[{"href":"https:\/\/encuentroinformativo.com.mx\/index.php?rest_route=\/wp\/v2\/posts\/72603","targetHints":{"allow":["GET"]}}],"collection":[{"href":"https:\/\/encuentroinformativo.com.mx\/index.php?rest_route=\/wp\/v2\/posts"}],"about":[{"href":"https:\/\/encuentroinformativo.com.mx\/index.php?rest_route=\/wp\/v2\/types\/post"}],"author":[{"embeddable":true,"href":"https:\/\/encuentroinformativo.com.mx\/index.php?rest_route=\/wp\/v2\/users\/2476"}],"replies":[{"embeddable":true,"href":"https:\/\/encuentroinformativo.com.mx\/index.php?rest_route=%2Fwp%2Fv2%2Fcomments&post=72603"}],"version-history":[{"count":1,"href":"https:\/\/encuentroinformativo.com.mx\/index.php?rest_route=\/wp\/v2\/posts\/72603\/revisions"}],"predecessor-version":[{"id":72605,"href":"https:\/\/encuentroinformativo.com.mx\/index.php?rest_route=\/wp\/v2\/posts\/72603\/revisions\/72605"}],"wp:featuredmedia":[{"embeddable":true,"href":"https:\/\/encuentroinformativo.com.mx\/index.php?rest_route=\/wp\/v2\/media\/72604"}],"wp:attachment":[{"href":"https:\/\/encuentroinformativo.com.mx\/index.php?rest_route=%2Fwp%2Fv2%2Fmedia&parent=72603"}],"wp:term":[{"taxonomy":"category","embeddable":true,"href":"https:\/\/encuentroinformativo.com.mx\/index.php?rest_route=%2Fwp%2Fv2%2Fcategories&post=72603"},{"taxonomy":"post_tag","embeddable":true,"href":"https:\/\/encuentroinformativo.com.mx\/index.php?rest_route=%2Fwp%2Fv2%2Ftags&post=72603"}],"curies":[{"name":"wp","href":"https:\/\/api.w.org\/{rel}","templated":true}]}}