{"id":72606,"date":"2025-11-06T14:53:55","date_gmt":"2025-11-06T20:53:55","guid":{"rendered":"https:\/\/encuentroinformativo.com.mx\/?p=72606"},"modified":"2025-11-06T14:53:55","modified_gmt":"2025-11-06T20:53:55","slug":"productores-piden-al-gobierno-federal-vigilar-precios-de-cafe","status":"publish","type":"post","link":"https:\/\/encuentroinformativo.com.mx\/?p=72606","title":{"rendered":"Productores piden al Gobierno Federal vigilar precios de caf\u00e9"},"content":{"rendered":"<p><strong>Dar\u00edo Pale<\/strong><\/p>\n<p>Xalapa, Ver.- Integrantes de diversas organizaciones cafetaleras en Veracruz advirtieron sobre la urgencia de que el Gobierno federal vigile los precios del caf\u00e9 durante la presente cosecha, ante el riesgo de que las compa\u00f1\u00edas compradoras reduzcan los pagos a los productores pese al alto valor internacional del grano.<\/p>\n<p>En conferencia, representantes del Consejo Regional del Caf\u00e9 de Coatepec, de la Coordinadora Nacional de Organizaciones Cafetaleras (CNOC) y de la Uni\u00f3n Nacional de Productores de Caf\u00e9 de la CNC, coincidieron en que existen condiciones favorables en el mercado, pero temen pr\u00e1cticas comerciales que perjudiquen al sector.<\/p>\n<p>Sirio Ruiz, integrante de la Comisi\u00f3n de Seguimiento a los Precios del Caf\u00e9 en Veracruz, explic\u00f3 que factores como los aranceles impuestos por Estados Unidos al caf\u00e9 de Brasil y Colombia, as\u00ed como problemas de clima en esos pa\u00edses productores, han impulsado el precio internacional por arriba de los 400 d\u00f3lares en la bolsa.<\/p>\n<p>En regiones como Huatusco \u2014precis\u00f3\u2014 el kilogramo de caf\u00e9 cereza se est\u00e1 pagando actualmente hasta en 17.50 pesos, cuando el a\u00f1o pasado rondaba los 7 pesos.<\/p>\n<p>\u201cSon precios remunerativos y podr\u00edan llegar a 20 o incluso 25 pesos por kilo conforme avance la cosecha\u201d, se\u00f1al\u00f3.<\/p>\n<p>\u201cEl riesgo es que las compa\u00f1\u00edas compradoras lo bajen en el punto m\u00e1s alto de producci\u00f3n, como ya ha ocurrido\u201d, a\u00f1adi\u00f3.<\/p>\n<p>Los productores denunciaron que las empresas aplican descuentos injustificados con el argumento de costos de comercializaci\u00f3n o de posibles aranceles a las exportaciones mexicanas, lo que podr\u00eda representar p\u00e9rdidas millonarias para el sector.<\/p>\n<p>El segundo punto de preocupaci\u00f3n de las organizaciones es la falta de avance de la Ley del Caf\u00e9, propuesta que ya fue aprobada dos veces por el Senado y por la Comisi\u00f3n de Desarrollo Rural de la C\u00e1mara de Diputados, pero que no ha sido llevada al Pleno para su votaci\u00f3n final.<\/p>\n<p>Aseguraron que observaciones adicionales de la Secretar\u00eda de Econom\u00eda han retrasado el proceso sin justificaci\u00f3n t\u00e9cnica.<\/p>\n<p>\u201cHay un acuerdo para boicotear la ley. Todos est\u00e1n de acuerdo en aprobarla, menos quienes controlan la agenda legislativa\u201d, denunciaron.<\/p>\n<p>Los representantes hicieron un llamado p\u00fablico al presidente de la Junta de Coordinaci\u00f3n Pol\u00edtica, Ricardo Monreal, para que la iniciativa sea discutida y aprobada antes de que concluya el periodo ordinario.<\/p>\n<p>Finalmente las organizaciones participantes se\u00f1alaron que la aprobaci\u00f3n de la Ley del Caf\u00e9 permitir\u00eda regular precios, fortalecer la producci\u00f3n sustentable y proteger la econom\u00eda de miles de familias dedicadas al cultivo en el pa\u00eds.<\/p>\n","protected":false},"excerpt":{"rendered":"<p>Dar\u00edo Pale Xalapa, Ver.- Integrantes de diversas organizaciones cafetaleras en Veracruz advirtieron sobre la urgencia de que el Gobierno federal vigile los precios del caf\u00e9 durante la presente cosecha, ante el riesgo de que las compa\u00f1\u00edas compradoras reduzcan los pagos a los productores pese al alto valor internacional del grano. En conferencia, representantes del Consejo [&hellip;]<\/p>\n","protected":false},"author":2476,"featured_media":72607,"comment_status":"open","ping_status":"open","sticky":false,"template":"","format":"standard","meta":{"_jetpack_memberships_contains_paid_content":false,"footnotes":""},"categories":[8],"tags":[],"class_list":["post-72606","post","type-post","status-publish","format-standard","has-post-thumbnail","hentry","category-region"],"jetpack_featured_media_url":"https:\/\/encuentroinformativo.com.mx\/wp-content\/uploads\/2025\/11\/IMG-20251106-WA0180.jpg","jetpack_sharing_enabled":true,"jetpack_likes_enabled":true,"amp_enabled":true,"_links":{"self":[{"href":"https:\/\/encuentroinformativo.com.mx\/index.php?rest_route=\/wp\/v2\/posts\/72606","targetHints":{"allow":["GET"]}}],"collection":[{"href":"https:\/\/encuentroinformativo.com.mx\/index.php?rest_route=\/wp\/v2\/posts"}],"about":[{"href":"https:\/\/encuentroinformativo.com.mx\/index.php?rest_route=\/wp\/v2\/types\/post"}],"author":[{"embeddable":true,"href":"https:\/\/encuentroinformativo.com.mx\/index.php?rest_route=\/wp\/v2\/users\/2476"}],"replies":[{"embeddable":true,"href":"https:\/\/encuentroinformativo.com.mx\/index.php?rest_route=%2Fwp%2Fv2%2Fcomments&post=72606"}],"version-history":[{"count":1,"href":"https:\/\/encuentroinformativo.com.mx\/index.php?rest_route=\/wp\/v2\/posts\/72606\/revisions"}],"predecessor-version":[{"id":72608,"href":"https:\/\/encuentroinformativo.com.mx\/index.php?rest_route=\/wp\/v2\/posts\/72606\/revisions\/72608"}],"wp:featuredmedia":[{"embeddable":true,"href":"https:\/\/encuentroinformativo.com.mx\/index.php?rest_route=\/wp\/v2\/media\/72607"}],"wp:attachment":[{"href":"https:\/\/encuentroinformativo.com.mx\/index.php?rest_route=%2Fwp%2Fv2%2Fmedia&parent=72606"}],"wp:term":[{"taxonomy":"category","embeddable":true,"href":"https:\/\/encuentroinformativo.com.mx\/index.php?rest_route=%2Fwp%2Fv2%2Fcategories&post=72606"},{"taxonomy":"post_tag","embeddable":true,"href":"https:\/\/encuentroinformativo.com.mx\/index.php?rest_route=%2Fwp%2Fv2%2Ftags&post=72606"}],"curies":[{"name":"wp","href":"https:\/\/api.w.org\/{rel}","templated":true}]}}