{"id":72622,"date":"2025-11-07T13:12:42","date_gmt":"2025-11-07T19:12:42","guid":{"rendered":"https:\/\/encuentroinformativo.com.mx\/?p=72622"},"modified":"2025-11-07T13:12:42","modified_gmt":"2025-11-07T19:12:42","slug":"desde-el-extranjero-memo-herrada-responde-a-sus-detractores","status":"publish","type":"post","link":"https:\/\/encuentroinformativo.com.mx\/?p=72622","title":{"rendered":"Desde el extranjero Memo Herrada responde a sus detractores"},"content":{"rendered":"<p><strong>* &#8220;\u00bft\u00fa qu\u00e9 has hecho por Medell\u00edn, cuanto has aportado de tu recurso?, se\u00f1al\u00f3 a trav\u00e9s de redes sociales.<\/strong><\/p>\n<p><strong>Alejandro \u00c1vila<\/strong><\/p>\n<p>Medell\u00edn de Bravo, Ver.- Desde fuera de M\u00e9xico, el ex candidato por un Movimiento Ciudadano, Guillermo Herrada Jim\u00e9nez, respondi\u00f3 a quienes criticaron su viaje al extranjero y su presunto desentendimiento por los problemas que hoy aquejan al municipio de Medell\u00edn de Bravo.<\/p>\n<p>La p\u00e1gina de Facebook &#8220;Memes de Medell\u00edn&#8221; se lanz\u00f3 en contra de los cuatro aspirantes a la alcald\u00eda y los acus\u00f3 de no ayudar a encontrar soluci\u00f3n al problema de la basura que tiene semanas afectando a los pobladores medellinenses; del empresario Guillermo Herrada dijo que se encuentra muy campante de vacaciones y no buscando soluciones para el municipio.<\/p>\n<p>Memo no aguant\u00f3 m\u00e1s las criticas infundadas y respondi\u00f3&#8230;<\/p>\n<p>_T\u00fa solo escribes y criticas, pero dime: \u00bfvotaste por m\u00ed? \u00bfQu\u00e9 has aportado t\u00fa \u2014de tu propio esfuerzo o recurso\u2014 para mejorar Medell\u00edn?_<\/p>\n<p>Todos sabemos los problemas que vivimos: la basura, la inseguridad, las escuelas olvidadas\u2026 y son temas que yo siempre he se\u00f1alado, propuesto soluciones e incluso he aportado recursos para mejorarlos, sin tener un cargo ni una obligaci\u00f3n, solo porque quiero ver a mi municipio mejor.<\/p>\n<p>Porque nadie aporta lo que yo aporto a la sociedad, y mucho menos de su propio bolsillo, por amor a Medell\u00edn.<\/p>\n<p>Hoy la propia gente se da cuenta de las malas decisiones. Medell\u00edn no cambiar\u00e1 mientras sigamos eligiendo a los mismos de siempre, y ya qued\u00f3 demostrado.<\/p>\n<p>Todos sab\u00edamos c\u00f3mo era el actual presidente municipal, todos sab\u00edamos c\u00f3mo iba a terminar Medell\u00edn.<\/p>\n<p>Veremos qu\u00e9 hace esta nueva administraci\u00f3n, pero todos sab\u00edan lo que ven\u00eda\u2026 y una vez m\u00e1s, Medell\u00edn lo demostr\u00f3.<\/p>\n<p>Esta elecci\u00f3n la ganamos, y el pueblo lo sabe.<\/p>\n<p>Ahora toca vigilar y observar lo que viene, porque estoy seguro de cu\u00e1l ser\u00e1 su final\u2026 y entonces el pueblo de Medell\u00edn decidir\u00e1.<\/p>\n<p>Pero algo s\u00ed puedo decir con total claridad: he hecho m\u00e1s por mi municipio que muchos de los que hoy gobiernan o critican\u2026 incluso m\u00e1s que t\u00fa.<\/p>\n<p>Medell\u00edn sabe que ganamos la elecci\u00f3n pasada, porque la gente ya ped\u00eda un cambio.<\/p>\n<p>Sin embargo, el municipio tiene lo que eligi\u00f3.<\/p>\n<p>Pero no tengo duda: en la pr\u00f3xima elecci\u00f3n ser\u00e9 su presidente municipal, y Medell\u00edn ser\u00e1 un municipio nuevo y diferente.<\/p>\n<p>Cada viaje que hago me deja aprendizaje, estrategias y nuevas ideas que quiero aplicar cuando gobierne Medell\u00edn.<\/p>\n<p>Y ese d\u00eda \u2014cuando llegue\u2014 les voy a demostrar, con hechos, c\u00f3mo s\u00ed se puede transformar nuestro municipio.<\/p>\n","protected":false},"excerpt":{"rendered":"<p>* &#8220;\u00bft\u00fa qu\u00e9 has hecho por Medell\u00edn, cuanto has aportado de tu recurso?, se\u00f1al\u00f3 a trav\u00e9s de redes sociales. Alejandro \u00c1vila Medell\u00edn de Bravo, Ver.- Desde fuera de M\u00e9xico, el ex candidato por un Movimiento Ciudadano, Guillermo Herrada Jim\u00e9nez, respondi\u00f3 a quienes criticaron su viaje al extranjero y su presunto desentendimiento por los problemas que [&hellip;]<\/p>\n","protected":false},"author":2476,"featured_media":72623,"comment_status":"open","ping_status":"open","sticky":false,"template":"","format":"standard","meta":{"_jetpack_memberships_contains_paid_content":false,"footnotes":""},"categories":[2],"tags":[],"class_list":["post-72622","post","type-post","status-publish","format-standard","has-post-thumbnail","hentry","category-estado"],"jetpack_featured_media_url":"https:\/\/encuentroinformativo.com.mx\/wp-content\/uploads\/2025\/11\/IMG-20251107-WA01392.jpg","jetpack_sharing_enabled":true,"jetpack_likes_enabled":true,"amp_enabled":true,"_links":{"self":[{"href":"https:\/\/encuentroinformativo.com.mx\/index.php?rest_route=\/wp\/v2\/posts\/72622","targetHints":{"allow":["GET"]}}],"collection":[{"href":"https:\/\/encuentroinformativo.com.mx\/index.php?rest_route=\/wp\/v2\/posts"}],"about":[{"href":"https:\/\/encuentroinformativo.com.mx\/index.php?rest_route=\/wp\/v2\/types\/post"}],"author":[{"embeddable":true,"href":"https:\/\/encuentroinformativo.com.mx\/index.php?rest_route=\/wp\/v2\/users\/2476"}],"replies":[{"embeddable":true,"href":"https:\/\/encuentroinformativo.com.mx\/index.php?rest_route=%2Fwp%2Fv2%2Fcomments&post=72622"}],"version-history":[{"count":1,"href":"https:\/\/encuentroinformativo.com.mx\/index.php?rest_route=\/wp\/v2\/posts\/72622\/revisions"}],"predecessor-version":[{"id":72624,"href":"https:\/\/encuentroinformativo.com.mx\/index.php?rest_route=\/wp\/v2\/posts\/72622\/revisions\/72624"}],"wp:featuredmedia":[{"embeddable":true,"href":"https:\/\/encuentroinformativo.com.mx\/index.php?rest_route=\/wp\/v2\/media\/72623"}],"wp:attachment":[{"href":"https:\/\/encuentroinformativo.com.mx\/index.php?rest_route=%2Fwp%2Fv2%2Fmedia&parent=72622"}],"wp:term":[{"taxonomy":"category","embeddable":true,"href":"https:\/\/encuentroinformativo.com.mx\/index.php?rest_route=%2Fwp%2Fv2%2Fcategories&post=72622"},{"taxonomy":"post_tag","embeddable":true,"href":"https:\/\/encuentroinformativo.com.mx\/index.php?rest_route=%2Fwp%2Fv2%2Ftags&post=72622"}],"curies":[{"name":"wp","href":"https:\/\/api.w.org\/{rel}","templated":true}]}}