{"id":72625,"date":"2025-11-07T14:53:24","date_gmt":"2025-11-07T20:53:24","guid":{"rendered":"https:\/\/encuentroinformativo.com.mx\/?p=72625"},"modified":"2025-11-07T14:53:24","modified_gmt":"2025-11-07T20:53:24","slug":"acusan-presunta-tortura-a-estadounidenses-en-poza-rica","status":"publish","type":"post","link":"https:\/\/encuentroinformativo.com.mx\/?p=72625","title":{"rendered":"Acusan presunta tortura a estadounidenses en Poza Rica"},"content":{"rendered":"<p><strong>Dar\u00edo Pale<\/strong><\/p>\n<p>Xalapa, Ver.- La abogada penalista y defensora de derechos humanos, Perla del Carmen Morales Solano, denunci\u00f3 que en Veracruz existe una grave omisi\u00f3n legislativa para prevenir y sancionar la tortura, lo que ha derivado en violaciones sistem\u00e1ticas de derechos humanos dentro del sistema penitenciario y judicial del estado.<\/p>\n<p>En conferencia de prensa, se\u00f1al\u00f3 que el Congreso del Estado, la Gobernadora de Veracruz y la Fiscal\u00eda General del Estado (FGE) incumplen con lo establecido en la Ley General para Prevenir y Sancionar los Delitos de Tortura, al no contar con una Fiscal\u00eda verdaderamente aut\u00f3noma para atender este delito.<\/p>\n<p>Morales Solano asegur\u00f3 que representa un caso en el que tres personas de nacionalidad estadounidense se encuentran recluidas desde noviembre de 2022 en el penal de Poza Rica, donde han sido v\u00edctimas de tortura f\u00edsica y psicol\u00f3gica, tanto durante su detenci\u00f3n como ya en prisi\u00f3n.<\/p>\n<p>\u201cQuer\u00edan que confesaran a base de golpes. No son hispanohablantes; son ciudadanos estadounidenses que solo hablan ingl\u00e9s\u201d, declar\u00f3.<\/p>\n<p>Los tres detenidos cumplen ya tres a\u00f1os en prisi\u00f3n preventiva por los delitos de privaci\u00f3n de la libertad y delitos contra instituciones de seguridad p\u00fablica, acusaciones que -seg\u00fan la defensa- han sido utilizadas para fabricar culpables.<\/p>\n<p>La litigante denunci\u00f3 que dentro del penal se les exige pago de cuotas para recibir alimentos, visitas e incluso medicamentos, pese a que uno de ellos padece diabetes.<\/p>\n<p>Adem\u00e1s, afirm\u00f3 que no se han realizado los dict\u00e1menes m\u00e9dicos y psicol\u00f3gicos ordenados por ley como parte del Protocolo de Estambul, lo que ha impedido integrar una investigaci\u00f3n s\u00f3lida por tortura a pesar de que la denuncia fue presentada desde mayo de 2024.<\/p>\n<p>Morales se\u00f1al\u00f3 que, aunque en el estado existe una Fiscal\u00eda Especializada en Tortura, no es independiente de la FGE.<\/p>\n<p>\u201cNadie puede ser juez y parte. Si la misma Fiscal\u00eda es se\u00f1alada por tortura, no puede investigarse a s\u00ed misma\u201d, acus\u00f3.<\/p>\n<p>Expuso que mientras estados como Nuevo Le\u00f3n, Jalisco y Nayarit ya cuentan con fiscal\u00edas aut\u00f3nomas, Veracruz permanece en rezago y, como consecuencia, solo existe un proceso penal por tortura en la entidad: el caso del exfiscal Jorge Winckler.<\/p>\n<p>La abogada inform\u00f3 que ya se promovi\u00f3 un juicio de amparo contra la omisi\u00f3n legislativa. Sin embargo, el Congreso local y la representaci\u00f3n legal del Gobierno del Estado negaron que exista incumplimiento, asegurando que ya hay una fiscal\u00eda especializada.<\/p>\n<p>No obstante, omitieron reconocer que la ley exige total independencia org\u00e1nica y operativa.<\/p>\n<p>La defensa tambi\u00e9n acus\u00f3 que la Embajada de Estados Unidos no fue notificada de la detenci\u00f3n de sus connacionales sino hasta marzo de 2024, violando tratados internacionales.<\/p>\n<p>El abogado Roberto Pablo Mercado Zamora, quien tambi\u00e9n lleva la defensa del caso, denunci\u00f3 que el Poder Judicial prorrog\u00f3 la prisi\u00f3n preventiva sin abrir audiencia, decisi\u00f3n que calificaron de ilegal y contraria al C\u00f3digo Nacional de Procedimientos Penales.<\/p>\n<p>Afirm\u00f3 que en Veracruz, por falta de operaci\u00f3n judicial o mala organizaci\u00f3n:<\/p>\n<p>Se programan hasta 45 audiencias al d\u00eda<\/p>\n<p>Pero menos de la mitad se realizan<\/p>\n<p>Muchas decisiones se toman \u201cde escritorio\u201d<\/p>\n<p>\u201cEn Veracruz, la ley no se cumple. Los procesos se vuelven eternos y la justicia no llega, ni para v\u00edctimas ni para acusados\u201d se\u00f1alaron.<\/p>\n<p>Los abogados hicieron un llamado a las autoridades para detener la impunidad, \u201cel pueblo de Veracruz merece conocer la verdad en una sentencia. Exigimos que se legisle y que se cumpla la ley\u201d.<\/p>\n<p>Finalmente advirtieron que, mientras no se garantice independencia en la investigaci\u00f3n de tortura, las violaciones a derechos humanos continuar\u00e1n.<\/p>\n","protected":false},"excerpt":{"rendered":"<p>Dar\u00edo Pale Xalapa, Ver.- La abogada penalista y defensora de derechos humanos, Perla del Carmen Morales Solano, denunci\u00f3 que en Veracruz existe una grave omisi\u00f3n legislativa para prevenir y sancionar la tortura, lo que ha derivado en violaciones sistem\u00e1ticas de derechos humanos dentro del sistema penitenciario y judicial del estado. En conferencia de prensa, se\u00f1al\u00f3 [&hellip;]<\/p>\n","protected":false},"author":2476,"featured_media":72626,"comment_status":"open","ping_status":"open","sticky":false,"template":"","format":"standard","meta":{"_jetpack_memberships_contains_paid_content":false,"footnotes":""},"categories":[2],"tags":[],"class_list":["post-72625","post","type-post","status-publish","format-standard","has-post-thumbnail","hentry","category-estado"],"jetpack_featured_media_url":"https:\/\/encuentroinformativo.com.mx\/wp-content\/uploads\/2025\/11\/IMG-20251107-WA0158.jpg","jetpack_sharing_enabled":true,"jetpack_likes_enabled":true,"amp_enabled":true,"_links":{"self":[{"href":"https:\/\/encuentroinformativo.com.mx\/index.php?rest_route=\/wp\/v2\/posts\/72625","targetHints":{"allow":["GET"]}}],"collection":[{"href":"https:\/\/encuentroinformativo.com.mx\/index.php?rest_route=\/wp\/v2\/posts"}],"about":[{"href":"https:\/\/encuentroinformativo.com.mx\/index.php?rest_route=\/wp\/v2\/types\/post"}],"author":[{"embeddable":true,"href":"https:\/\/encuentroinformativo.com.mx\/index.php?rest_route=\/wp\/v2\/users\/2476"}],"replies":[{"embeddable":true,"href":"https:\/\/encuentroinformativo.com.mx\/index.php?rest_route=%2Fwp%2Fv2%2Fcomments&post=72625"}],"version-history":[{"count":1,"href":"https:\/\/encuentroinformativo.com.mx\/index.php?rest_route=\/wp\/v2\/posts\/72625\/revisions"}],"predecessor-version":[{"id":72627,"href":"https:\/\/encuentroinformativo.com.mx\/index.php?rest_route=\/wp\/v2\/posts\/72625\/revisions\/72627"}],"wp:featuredmedia":[{"embeddable":true,"href":"https:\/\/encuentroinformativo.com.mx\/index.php?rest_route=\/wp\/v2\/media\/72626"}],"wp:attachment":[{"href":"https:\/\/encuentroinformativo.com.mx\/index.php?rest_route=%2Fwp%2Fv2%2Fmedia&parent=72625"}],"wp:term":[{"taxonomy":"category","embeddable":true,"href":"https:\/\/encuentroinformativo.com.mx\/index.php?rest_route=%2Fwp%2Fv2%2Fcategories&post=72625"},{"taxonomy":"post_tag","embeddable":true,"href":"https:\/\/encuentroinformativo.com.mx\/index.php?rest_route=%2Fwp%2Fv2%2Ftags&post=72625"}],"curies":[{"name":"wp","href":"https:\/\/api.w.org\/{rel}","templated":true}]}}