{"id":72647,"date":"2025-11-08T14:50:49","date_gmt":"2025-11-08T20:50:49","guid":{"rendered":"https:\/\/encuentroinformativo.com.mx\/?p=72647"},"modified":"2025-11-08T14:50:49","modified_gmt":"2025-11-08T20:50:49","slug":"confia-perote-en-reactivacion-economica-en-fin-de-ano","status":"publish","type":"post","link":"https:\/\/encuentroinformativo.com.mx\/?p=72647","title":{"rendered":"Conf\u00eda Perote en reactivaci\u00f3n econ\u00f3mica en fin de a\u00f1o"},"content":{"rendered":"<p><strong>Dar\u00edo Pale<\/strong><\/p>\n<p>Xalapa, Ver.- El alcalde de Perote, Delfino Ortega Mart\u00ednez, inform\u00f3 que el municipio se prepara para una intensa reactivaci\u00f3n econ\u00f3mica en los pr\u00f3ximos meses, impulsada por eventos tur\u00edsticos y culturales en la Fortaleza de San Carlos, como parte de las actividades previas a las festividades de fin de a\u00f1o.<\/p>\n<p>En entrevista, anunci\u00f3 que una de las \u00faltimas actividades del a\u00f1o ser\u00e1 \u201cArte en el Cielo\u201d, que incluir\u00e1 nuevamente la presentaci\u00f3n de papalotes gigantes, as\u00ed como una novedad para la regi\u00f3n: marionetas de gran formato, lo que dijo, atraer\u00e1 m\u00e1s visitantes nacionales e internacionales.<\/p>\n<p>\u201cLa gente ya nos tiene muy identificados con los papalotes gigantes. La fortaleza cada d\u00eda recibe m\u00e1s turistas, no s\u00f3lo locales o nacionales, sino tambi\u00e9n extranjeros\u201d, destac\u00f3.<\/p>\n<p>Ortega Mart\u00ednez adelant\u00f3 que existe una propuesta para habilitar un museo dentro de la fortaleza, utilizando piezas hist\u00f3ricas y culturales que ciudadanos perote\u00f1os est\u00e1n dispuestos a donar.<\/p>\n<p>Entre los art\u00edculos mencion\u00f3:<\/p>\n<p>Piezas arqueol\u00f3gicas con obsidiana encontradas en la zona del Tepiolo<\/p>\n<p>Vestidos de novia del siglo XIX<\/p>\n<p>Una carta original enviada por Guadalupe Victoria a su prometida<\/p>\n<p>Aunque reconoci\u00f3 que el tiempo de gesti\u00f3n est\u00e1 por concluir, asegur\u00f3 que insistir\u00e1 para que el proyecto se concrete:<\/p>\n<p>\u201cSi no alcanzamos a hacerlo, comprometeremos al pr\u00f3ximo alcalde. Hay espacio y hay inter\u00e9s de la gente\u201d, afirm\u00f3.<\/p>\n<p>Empresa clausurada por FGR operaba en regla con el municipio, asegura<\/p>\n<p>Respecto al caso de la recicladora se\u00f1alada por la Fiscal\u00eda General de la Rep\u00fablica (FGR) como fachada para venta ilegal de hidrocarburos, el alcalde sostuvo que la compa\u00f1\u00eda \u2014ubicada en la localidad La Libertad\u2014 ten\u00eda registros municipales desde hace a\u00f1os.<\/p>\n<p>Record\u00f3 que en 2017, habitantes ya hab\u00edan protestado por malos olores, pero no hubo intervenci\u00f3n mayor.<\/p>\n<p>\u201cNosotros la consider\u00e1bamos una empresa de residuos peligrosos. Los permisos no los da el municipio. Cumpl\u00edan con lo que estaba registrado\u201d, explic\u00f3.<\/p>\n<p>Se\u00f1al\u00f3 que en su administraci\u00f3n hubo una explosi\u00f3n menor en junio y se atendi\u00f3 Protecci\u00f3n Civil Municipal, pero admiti\u00f3 que el reciente aseguramiento por la FGR fue sorpresivo.<\/p>\n<p>Fin de gesti\u00f3n: pagos asegurados y obras concluyentes<\/p>\n<p>A menos de dos meses de concluir su administraci\u00f3n, Ortega asegur\u00f3 que Perote cerrar\u00e1 sin deudas laborales y con avances en infraestructura.<\/p>\n<p>Anunci\u00f3 que en breve se entregar\u00e1n:<\/p>\n<p>Obras de pavimentaci\u00f3n<\/p>\n<p>Proyectos de agua potable y electrificaci\u00f3n<\/p>\n<p>Un edificio para el Instituto Municipal de las Mujeres, financiado directamente por el ayuntamiento<\/p>\n<p>\u201cSer\u00e1 el \u00fanico municipio del estado que dejar\u00e1 una obra espec\u00edfica para las mujeres\u201d, presumi\u00f3.<\/p>\n<p>Presupuesto y transici\u00f3n<\/p>\n<p>El alcalde se\u00f1al\u00f3 que ya inici\u00f3 reuniones con su sucesor para garantizar una entrega-recepci\u00f3n ordenada. Inform\u00f3 que se solicit\u00f3 un presupuesto 15% mayor al ejercido este a\u00f1o, que fue de 236 millones de pesos.<\/p>\n<p>No obstante, advirti\u00f3 que, al igual que otros municipios, recibir\u00e1n recursos federales recortados debido a retenciones del FAISMUN y Fortamun, \u201cllegar\u00e1n con un 10% menos, que se va para bienestar y pueblos ind\u00edgenas\u201d.<\/p>\n<p>Finalmente Ortega Mart\u00ednez dijo que concluir\u00e1 su periodo cumpliendo compromisos y consolidando a Perote como un destino cultural en crecimiento.<\/p>\n","protected":false},"excerpt":{"rendered":"<p>Dar\u00edo Pale Xalapa, Ver.- El alcalde de Perote, Delfino Ortega Mart\u00ednez, inform\u00f3 que el municipio se prepara para una intensa reactivaci\u00f3n econ\u00f3mica en los pr\u00f3ximos meses, impulsada por eventos tur\u00edsticos y culturales en la Fortaleza de San Carlos, como parte de las actividades previas a las festividades de fin de a\u00f1o. En entrevista, anunci\u00f3 que [&hellip;]<\/p>\n","protected":false},"author":2476,"featured_media":72648,"comment_status":"open","ping_status":"open","sticky":false,"template":"","format":"standard","meta":{"_jetpack_memberships_contains_paid_content":false,"footnotes":""},"categories":[8],"tags":[],"class_list":["post-72647","post","type-post","status-publish","format-standard","has-post-thumbnail","hentry","category-region"],"jetpack_featured_media_url":"https:\/\/encuentroinformativo.com.mx\/wp-content\/uploads\/2025\/11\/IMG-20251108-WA0211.jpg","jetpack_sharing_enabled":true,"jetpack_likes_enabled":true,"amp_enabled":true,"_links":{"self":[{"href":"https:\/\/encuentroinformativo.com.mx\/index.php?rest_route=\/wp\/v2\/posts\/72647","targetHints":{"allow":["GET"]}}],"collection":[{"href":"https:\/\/encuentroinformativo.com.mx\/index.php?rest_route=\/wp\/v2\/posts"}],"about":[{"href":"https:\/\/encuentroinformativo.com.mx\/index.php?rest_route=\/wp\/v2\/types\/post"}],"author":[{"embeddable":true,"href":"https:\/\/encuentroinformativo.com.mx\/index.php?rest_route=\/wp\/v2\/users\/2476"}],"replies":[{"embeddable":true,"href":"https:\/\/encuentroinformativo.com.mx\/index.php?rest_route=%2Fwp%2Fv2%2Fcomments&post=72647"}],"version-history":[{"count":1,"href":"https:\/\/encuentroinformativo.com.mx\/index.php?rest_route=\/wp\/v2\/posts\/72647\/revisions"}],"predecessor-version":[{"id":72649,"href":"https:\/\/encuentroinformativo.com.mx\/index.php?rest_route=\/wp\/v2\/posts\/72647\/revisions\/72649"}],"wp:featuredmedia":[{"embeddable":true,"href":"https:\/\/encuentroinformativo.com.mx\/index.php?rest_route=\/wp\/v2\/media\/72648"}],"wp:attachment":[{"href":"https:\/\/encuentroinformativo.com.mx\/index.php?rest_route=%2Fwp%2Fv2%2Fmedia&parent=72647"}],"wp:term":[{"taxonomy":"category","embeddable":true,"href":"https:\/\/encuentroinformativo.com.mx\/index.php?rest_route=%2Fwp%2Fv2%2Fcategories&post=72647"},{"taxonomy":"post_tag","embeddable":true,"href":"https:\/\/encuentroinformativo.com.mx\/index.php?rest_route=%2Fwp%2Fv2%2Ftags&post=72647"}],"curies":[{"name":"wp","href":"https:\/\/api.w.org\/{rel}","templated":true}]}}