{"id":72650,"date":"2025-11-08T15:08:13","date_gmt":"2025-11-08T21:08:13","guid":{"rendered":"https:\/\/encuentroinformativo.com.mx\/?p=72650"},"modified":"2025-11-08T15:08:13","modified_gmt":"2025-11-08T21:08:13","slug":"en-las-vigas-buscaran-impulso-al-turismo-y-la-silvicultura","status":"publish","type":"post","link":"https:\/\/encuentroinformativo.com.mx\/?p=72650","title":{"rendered":"En Las Vigas, buscar\u00e1n impulso al turismo y la silvicultura"},"content":{"rendered":"<p><strong>Dar\u00edo Pale<\/strong><\/p>\n<p>Xalapa, Ver.- El alcalde electo Rafael Mar\u00edn de la Luz anunci\u00f3 que su administraci\u00f3n priorizar\u00e1 la reactivaci\u00f3n econ\u00f3mica de Las Vigas mediante el impulso al turismo y el fortalecimiento de la silvicultura, aprovechando la gran riqueza forestal con la que cuenta el municipio.<\/p>\n<p>Durante el banderazo del arranque de actividades relacionadas con el tradicional \u00e1rbol de Navidad, destac\u00f3 que Las Vigas posee un potencial \u00fanico que debe proyectarse a\u00fan m\u00e1s a nivel estatal y nacional.<\/p>\n<p>\u201cSomos muy ricos en todo. El \u00e1rbol de navidad es una riqueza inmensa y vamos a trabajar porque tenga m\u00e1s publicidad y m\u00e1s auge, porque esto nos dar\u00e1 econom\u00eda al municipio\u201d, afirm\u00f3.<\/p>\n<p>Mar\u00edn se\u00f1al\u00f3 que ya ha establecido acercamientos con los silvicultores locales. Subray\u00f3 que su formaci\u00f3n como ingeniero forestal le permitir\u00e1 trabajar de la mano con ellos para detonar el desarrollo econ\u00f3mico responsable de los bosques.<\/p>\n<p>El alcalde electo reconoci\u00f3 que la producci\u00f3n de maguey -base del tradicional pulque- ha disminuido en la regi\u00f3n debido a la falta de reforestaci\u00f3n.<\/p>\n<p>\u201cSe ha explotado, pero no se ha reforestado. Estamos trabajando en proyectos para rescatarlo poco a poco y conservar esta riqueza gastron\u00f3mica que nos caracteriza\u201d, coment\u00f3.<\/p>\n<p>El maguey tambi\u00e9n es fundamental para la preparaci\u00f3n de barbacoa y otros productos que forman parte de la identidad culinaria vigue\u00f1a.<\/p>\n<p>Mar\u00edn de la Luz indic\u00f3 que una de las peticiones m\u00e1s recurrentes durante su recorrido por comunidades y zonas productivas fue el mantenimiento a caminos rurales, indispensables para el traslado de visitantes y mercanc\u00edas.<\/p>\n<p>\u201cSi los caminos est\u00e1n desechos, la gente viene una vez y ya no vuelve. Vamos a invertir de manera conjunta con ciudadan\u00eda y productores para que est\u00e9n transitables\u201d, asegur\u00f3.<\/p>\n<p>La mejora de accesos tambi\u00e9n apoyar\u00e1 la comercializaci\u00f3n del \u00e1rbol de Navidad y reforzar\u00e1 la actividad forestal.<\/p>\n<p>El edil electo adelant\u00f3 que habr\u00e1 proyectos de infraestructura tur\u00edstica en puntos emblem\u00e1ticos como La Piedra del Amor y el Volcancillo, ubicados en la localidad de Toxtlacoaya.<\/p>\n<p>Tambi\u00e9n resalt\u00f3 las \u00e1reas naturales como la Reserva de San Juan del Monte y San Pedro del Monte, ideales para actividades al aire libre y la conexi\u00f3n con la naturaleza.<\/p>\n<p>\u201cInvitar a todos a que vengan, que se llenen los pulmones de aire limpio, de aire fresco aqu\u00ed en Las Vigas\u201d, expres\u00f3.<\/p>\n<p>Con estas acciones, Rafael Mar\u00edn asegur\u00f3 que su administraci\u00f3n buscar\u00e1 consolidar a Las Vigas como un destino tur\u00edstico forestal y gastron\u00f3mico de alto valor, generando bienestar y oportunidades para las familias del municipio.<\/p>\n","protected":false},"excerpt":{"rendered":"<p>Dar\u00edo Pale Xalapa, Ver.- El alcalde electo Rafael Mar\u00edn de la Luz anunci\u00f3 que su administraci\u00f3n priorizar\u00e1 la reactivaci\u00f3n econ\u00f3mica de Las Vigas mediante el impulso al turismo y el fortalecimiento de la silvicultura, aprovechando la gran riqueza forestal con la que cuenta el municipio. Durante el banderazo del arranque de actividades relacionadas con el [&hellip;]<\/p>\n","protected":false},"author":2476,"featured_media":72651,"comment_status":"open","ping_status":"open","sticky":false,"template":"","format":"standard","meta":{"_jetpack_memberships_contains_paid_content":false,"footnotes":""},"categories":[8],"tags":[],"class_list":["post-72650","post","type-post","status-publish","format-standard","has-post-thumbnail","hentry","category-region"],"jetpack_featured_media_url":"https:\/\/encuentroinformativo.com.mx\/wp-content\/uploads\/2025\/11\/IMG-20251108-WA02222.jpg","jetpack_sharing_enabled":true,"jetpack_likes_enabled":true,"amp_enabled":true,"_links":{"self":[{"href":"https:\/\/encuentroinformativo.com.mx\/index.php?rest_route=\/wp\/v2\/posts\/72650","targetHints":{"allow":["GET"]}}],"collection":[{"href":"https:\/\/encuentroinformativo.com.mx\/index.php?rest_route=\/wp\/v2\/posts"}],"about":[{"href":"https:\/\/encuentroinformativo.com.mx\/index.php?rest_route=\/wp\/v2\/types\/post"}],"author":[{"embeddable":true,"href":"https:\/\/encuentroinformativo.com.mx\/index.php?rest_route=\/wp\/v2\/users\/2476"}],"replies":[{"embeddable":true,"href":"https:\/\/encuentroinformativo.com.mx\/index.php?rest_route=%2Fwp%2Fv2%2Fcomments&post=72650"}],"version-history":[{"count":1,"href":"https:\/\/encuentroinformativo.com.mx\/index.php?rest_route=\/wp\/v2\/posts\/72650\/revisions"}],"predecessor-version":[{"id":72652,"href":"https:\/\/encuentroinformativo.com.mx\/index.php?rest_route=\/wp\/v2\/posts\/72650\/revisions\/72652"}],"wp:featuredmedia":[{"embeddable":true,"href":"https:\/\/encuentroinformativo.com.mx\/index.php?rest_route=\/wp\/v2\/media\/72651"}],"wp:attachment":[{"href":"https:\/\/encuentroinformativo.com.mx\/index.php?rest_route=%2Fwp%2Fv2%2Fmedia&parent=72650"}],"wp:term":[{"taxonomy":"category","embeddable":true,"href":"https:\/\/encuentroinformativo.com.mx\/index.php?rest_route=%2Fwp%2Fv2%2Fcategories&post=72650"},{"taxonomy":"post_tag","embeddable":true,"href":"https:\/\/encuentroinformativo.com.mx\/index.php?rest_route=%2Fwp%2Fv2%2Ftags&post=72650"}],"curies":[{"name":"wp","href":"https:\/\/api.w.org\/{rel}","templated":true}]}}