{"id":72653,"date":"2025-11-08T15:45:19","date_gmt":"2025-11-08T21:45:19","guid":{"rendered":"https:\/\/encuentroinformativo.com.mx\/?p=72653"},"modified":"2025-11-08T15:45:19","modified_gmt":"2025-11-08T21:45:19","slug":"sedema-apoyo-en-rescate-y-atencion-de-mascotas-en-la-zona-norte","status":"publish","type":"post","link":"https:\/\/encuentroinformativo.com.mx\/?p=72653","title":{"rendered":"SEDEMA apoy\u00f3 en rescate y atenci\u00f3n de mascotas en la zona norte"},"content":{"rendered":"<p><strong>Dar\u00edo Pale<\/strong><\/p>\n<p>Xalapa, Ver.- La secretaria de Medio Ambiente de Veracruz, Luz Mariela Zaleta Mendoza, inform\u00f3 que tras las inundaciones registradas recientemente en municipios del norte de la entidad, el Gobierno del Estado ya envi\u00f3 los reportes correspondientes a la Federaci\u00f3n y mantiene solicitudes de actualizaci\u00f3n constante sobre la situaci\u00f3n.<\/p>\n<p>Aunque evit\u00f3 adelantar datos oficiales -pues dijo que el procurador ambiental concentra los informes-, reconoci\u00f3 afectaciones en el r\u00edo<br \/>\nPantepec, donde ya se encuentran trabajando en saneamiento y acciones de recuperaci\u00f3n en coordinaci\u00f3n con instituciones federales.<\/p>\n<p>La funcionaria detall\u00f3 que brigadas de la SEDEMA brindaron apoyo en Poza Rica y \u00c1lamo para la atenci\u00f3n de mascotas que resultaron lesionadas, extraviadas o enfermas a causa del evento meteorol\u00f3gico.<\/p>\n<p>\u201cLa gente estuvo muy agradecida, hubo muchos animalitos da\u00f1ados o perdidos; algunos fueron encontrados y resguardados en hogares\u201d, se\u00f1al\u00f3.<\/p>\n<p>Asimismo, se apoy\u00f3 con medicamentos y alimento para mascotas, luego de que el Centro de Salud Animal de Poza Rica resultara severamente da\u00f1ado pero continuar\u00e1 operando de forma emergente.<\/p>\n<p>Respecto al destino de los animales que no fueron reclamados por sus due\u00f1os, indic\u00f3 que permanecen bajo resguardo ciudadano y que asociaciones contin\u00faan brind\u00e1ndoles seguimiento.<\/p>\n<p>Adem\u00e1s, anunci\u00f3 un convenio con la asociaci\u00f3n internacional Human, que traer\u00e1 recursos para fortalecer la atenci\u00f3n a animales de compa\u00f1\u00eda en la zona norte del estado.<\/p>\n<p>Tras participar en un acto en Las Vigas relacionado con la venta de \u00e1rboles naturales, Zaleta destac\u00f3 los beneficios ambientales y econ\u00f3micos de consumir pinos producidos en ranchos veracruzanos y no importados.<\/p>\n<p>\u201cEstamos aportando al medio ambiente y a la econom\u00eda local; aqu\u00ed se producen hasta cuatro variedades de pinos\u201d, subray\u00f3.<\/p>\n<p>Mencion\u00f3 que los suelos donde hoy existen plantaciones silv\u00edcolas antes sufr\u00edan erosi\u00f3n, y ahora contribuyen al fortalecimiento de mantos acu\u00edferos.<\/p>\n<p>La titular de SEDEMA record\u00f3 que los \u00e1rboles desechados tras las fiestas decembrinas se reutilizan como composta o para la elaboraci\u00f3n de artesan\u00edas.<\/p>\n<p>La campa\u00f1a \u201cEconavidad\u201d iniciar\u00e1 nuevamente en enero de 2026 y buscar\u00e1 la participaci\u00f3n de m\u00e1s ayuntamientos, en especial de aquellos que inician administraci\u00f3n.<\/p>\n<p>\u201cMuchos dejan los arbolitos en las esquinas y generan un volumen importante; reciclarlos ayuda porque los rellenos sanitarios ya est\u00e1n colapsados\u201d, advirti\u00f3.<\/p>\n<p>Reforestaci\u00f3n reforzada con programa estatal<\/p>\n<p>Zaleta Mendoza inform\u00f3 que, por instrucci\u00f3n de la gobernadora, se fortalecer\u00e1 el programa \u201cPulmones Verdes por Veracruz\u201d, con esfuerzos de restauraci\u00f3n ecol\u00f3gica en \u00e1reas naturales protegidas de regiones como Las Vigas, Ocontepec y colindancias con Chiapas y Oaxaca.<\/p>\n<p>Destac\u00f3 que las comunidades est\u00e1n participando con viveros propios y que se trabaja con expertos de instituciones como la UV y el INECOL para garantizar el uso de especies end\u00e9micas. Confirm\u00f3 tambi\u00e9n la continuidad del uso de drones en zonas de dif\u00edcil acceso.<\/p>\n<p>Sobre la clausura federal al tiradero de Las Matas, en el sur del estado, la secretaria indic\u00f3 que el tema es atendido por el SIGIRES y por la Procuradur\u00eda Federal de Protecci\u00f3n al Ambiente (Profepa), por lo que evit\u00f3 ampliar detalles.<\/p>\n<p>Finalmente la funcionaria adelant\u00f3 que en pr\u00f3ximos d\u00edas se dar\u00e1 a conocer un balance completo sobre las afectaciones ambientales por las inundaciones en la zona norte, una vez que la Federaci\u00f3n emita los reportes oficiales.<\/p>\n","protected":false},"excerpt":{"rendered":"<p>Dar\u00edo Pale Xalapa, Ver.- La secretaria de Medio Ambiente de Veracruz, Luz Mariela Zaleta Mendoza, inform\u00f3 que tras las inundaciones registradas recientemente en municipios del norte de la entidad, el Gobierno del Estado ya envi\u00f3 los reportes correspondientes a la Federaci\u00f3n y mantiene solicitudes de actualizaci\u00f3n constante sobre la situaci\u00f3n. Aunque evit\u00f3 adelantar datos oficiales [&hellip;]<\/p>\n","protected":false},"author":2476,"featured_media":72656,"comment_status":"open","ping_status":"open","sticky":false,"template":"","format":"standard","meta":{"_jetpack_memberships_contains_paid_content":false,"footnotes":""},"categories":[2],"tags":[],"class_list":["post-72653","post","type-post","status-publish","format-standard","has-post-thumbnail","hentry","category-estado"],"jetpack_featured_media_url":"https:\/\/encuentroinformativo.com.mx\/wp-content\/uploads\/2025\/11\/IMG_20251108_120624707_HDR2-scaled.jpg","jetpack_sharing_enabled":true,"jetpack_likes_enabled":true,"amp_enabled":true,"_links":{"self":[{"href":"https:\/\/encuentroinformativo.com.mx\/index.php?rest_route=\/wp\/v2\/posts\/72653","targetHints":{"allow":["GET"]}}],"collection":[{"href":"https:\/\/encuentroinformativo.com.mx\/index.php?rest_route=\/wp\/v2\/posts"}],"about":[{"href":"https:\/\/encuentroinformativo.com.mx\/index.php?rest_route=\/wp\/v2\/types\/post"}],"author":[{"embeddable":true,"href":"https:\/\/encuentroinformativo.com.mx\/index.php?rest_route=\/wp\/v2\/users\/2476"}],"replies":[{"embeddable":true,"href":"https:\/\/encuentroinformativo.com.mx\/index.php?rest_route=%2Fwp%2Fv2%2Fcomments&post=72653"}],"version-history":[{"count":2,"href":"https:\/\/encuentroinformativo.com.mx\/index.php?rest_route=\/wp\/v2\/posts\/72653\/revisions"}],"predecessor-version":[{"id":72657,"href":"https:\/\/encuentroinformativo.com.mx\/index.php?rest_route=\/wp\/v2\/posts\/72653\/revisions\/72657"}],"wp:featuredmedia":[{"embeddable":true,"href":"https:\/\/encuentroinformativo.com.mx\/index.php?rest_route=\/wp\/v2\/media\/72656"}],"wp:attachment":[{"href":"https:\/\/encuentroinformativo.com.mx\/index.php?rest_route=%2Fwp%2Fv2%2Fmedia&parent=72653"}],"wp:term":[{"taxonomy":"category","embeddable":true,"href":"https:\/\/encuentroinformativo.com.mx\/index.php?rest_route=%2Fwp%2Fv2%2Fcategories&post=72653"},{"taxonomy":"post_tag","embeddable":true,"href":"https:\/\/encuentroinformativo.com.mx\/index.php?rest_route=%2Fwp%2Fv2%2Ftags&post=72653"}],"curies":[{"name":"wp","href":"https:\/\/api.w.org\/{rel}","templated":true}]}}