{"id":72658,"date":"2025-11-08T17:19:38","date_gmt":"2025-11-08T23:19:38","guid":{"rendered":"https:\/\/encuentroinformativo.com.mx\/?p=72658"},"modified":"2025-11-08T17:19:38","modified_gmt":"2025-11-08T23:19:38","slug":"venta-de-arboles-navidenos-reactiva-economia-en-zona-de-las-vigas","status":"publish","type":"post","link":"https:\/\/encuentroinformativo.com.mx\/?p=72658","title":{"rendered":"Venta de \u00e1rboles navide\u00f1os reactiva econom\u00eda en zona de Las Vigas"},"content":{"rendered":"<p><strong>Dar\u00edo Pale<\/strong><\/p>\n<p>Xalapa, Ver.- Con el primer corte simb\u00f3lico de \u00e1rboles navide\u00f1os en la regi\u00f3n de Las Vigas, inici\u00f3 formalmente la temporada de venta 2025, una actividad que no solo impulsa la econom\u00eda local, sino que tambi\u00e9n representa un beneficio ambiental para los suelos de la zona monta\u00f1osa.<\/p>\n<p>H\u00e9ctor Mota Velasco, titular de la Promotor\u00eda de Desarrollo Forestal de la Oficina Estatal de la Comisi\u00f3n Nacional Forestal (CONAFOR), detall\u00f3 que actualmente 32 ranchos forman parte de la producci\u00f3n legalizada y supervisada de pinos, ofreciendo m\u00e1s de 40 mil \u00e1rboles listos para ser cortados y comercializados este a\u00f1o.<\/p>\n<p>\u201cEs un trabajo de muchos a\u00f1os. La planta puede durar hasta dos a\u00f1os en vivero y luego entre cinco y siete a\u00f1os para alcanzar la forma y altura de un \u00e1rbol navide\u00f1o\u201d, explic\u00f3.<\/p>\n<p>El representante federal indic\u00f3 que esta actividad silv\u00edcola ha crecido de forma gradual y sostenible. Desde 2021 se han apoyado m\u00e1s de 312 hect\u00e1reas para su establecimiento y mantenimiento mediante programas de CONAFOR.<\/p>\n<p>La mayor\u00eda de los predios que abandonaron cultivos como cebada, avena o papa lograron recuperar suelos erosionados, mejorar la captaci\u00f3n de agua y reforzar la fertilidad del territorio con estas plantaciones.<\/p>\n<p>\u201cAntes el rendimiento agr\u00edcola era muy bajo. Ahora hay captura de carbono, infiltraci\u00f3n de agua y un beneficio econ\u00f3mico que se queda en las familias\u201d, afirm\u00f3.<\/p>\n<p>El cambio de uso de suelo hacia plantaciones forestales ha reducido los impactos negativos derivados del ganado y la agricultura de ladera. Adem\u00e1s, el turismo decembrino deja una derrama econ\u00f3mica notable.<\/p>\n<p>\u201cDe Banderilla a Xalapa en temporada, te haces hora y media por la cantidad de visitantes que vienen a cortar su \u00e1rbol, comer y comprar artesan\u00edas\u201d, sostuvo Mota Velasco.<\/p>\n<p>Para garantizar el comercio legal, todos los \u00e1rboles cuentan con brazalete entregado por su productor, lo que permite rastrear su origen y distinguirlos de los \u00e1rboles importados que ingresan al pa\u00eds.<\/p>\n<p>El llamado de las autoridades es claro, comprar \u00e1rboles mexicanos significa apoyar a productores veracruzanos, cuidar el medio ambiente y vivir una experiencia de contacto con la naturaleza.<\/p>\n<p>Los ranchos locales cultivan principalmente:<\/p>\n<p>Oyamel (Abies religiosa)<\/p>\n<p>Pseudotsuga<\/p>\n<p>Cipr\u00e9s<\/p>\n<p>Cada una de estas especies se adapta a las condiciones de suelo y clima de la zona monta\u00f1osa central.<\/p>\n<p>La reforestaci\u00f3n avanza conforme aumenta el consumo responsable. Cada a\u00f1o se establecen alrededor de 30 a 40 hect\u00e1reas nuevas de \u00e1rboles de Navidad en Veracruz.<\/p>\n<p>\u201cSe siembra seg\u00fan la demanda, pero a\u00f1o con a\u00f1o crece\u201d, puntualiz\u00f3 el funcionario.<\/p>\n<p>Por \u00faltimo coment\u00f3 que la temporada continuar\u00e1 durante todo el mes, con la expectativa de una alta afluencia de visitantes y una importante activaci\u00f3n econ\u00f3mica para los municipios de Las Vigas, Acajete y Perote.<\/p>\n","protected":false},"excerpt":{"rendered":"<p>Dar\u00edo Pale Xalapa, Ver.- Con el primer corte simb\u00f3lico de \u00e1rboles navide\u00f1os en la regi\u00f3n de Las Vigas, inici\u00f3 formalmente la temporada de venta 2025, una actividad que no solo impulsa la econom\u00eda local, sino que tambi\u00e9n representa un beneficio ambiental para los suelos de la zona monta\u00f1osa. H\u00e9ctor Mota Velasco, titular de la Promotor\u00eda [&hellip;]<\/p>\n","protected":false},"author":2476,"featured_media":72659,"comment_status":"open","ping_status":"open","sticky":false,"template":"","format":"standard","meta":{"_jetpack_memberships_contains_paid_content":false,"footnotes":""},"categories":[8],"tags":[],"class_list":["post-72658","post","type-post","status-publish","format-standard","has-post-thumbnail","hentry","category-region"],"jetpack_featured_media_url":"https:\/\/encuentroinformativo.com.mx\/wp-content\/uploads\/2025\/11\/IMG-20251108-WA02482.jpg","jetpack_sharing_enabled":true,"jetpack_likes_enabled":true,"amp_enabled":true,"_links":{"self":[{"href":"https:\/\/encuentroinformativo.com.mx\/index.php?rest_route=\/wp\/v2\/posts\/72658","targetHints":{"allow":["GET"]}}],"collection":[{"href":"https:\/\/encuentroinformativo.com.mx\/index.php?rest_route=\/wp\/v2\/posts"}],"about":[{"href":"https:\/\/encuentroinformativo.com.mx\/index.php?rest_route=\/wp\/v2\/types\/post"}],"author":[{"embeddable":true,"href":"https:\/\/encuentroinformativo.com.mx\/index.php?rest_route=\/wp\/v2\/users\/2476"}],"replies":[{"embeddable":true,"href":"https:\/\/encuentroinformativo.com.mx\/index.php?rest_route=%2Fwp%2Fv2%2Fcomments&post=72658"}],"version-history":[{"count":1,"href":"https:\/\/encuentroinformativo.com.mx\/index.php?rest_route=\/wp\/v2\/posts\/72658\/revisions"}],"predecessor-version":[{"id":72660,"href":"https:\/\/encuentroinformativo.com.mx\/index.php?rest_route=\/wp\/v2\/posts\/72658\/revisions\/72660"}],"wp:featuredmedia":[{"embeddable":true,"href":"https:\/\/encuentroinformativo.com.mx\/index.php?rest_route=\/wp\/v2\/media\/72659"}],"wp:attachment":[{"href":"https:\/\/encuentroinformativo.com.mx\/index.php?rest_route=%2Fwp%2Fv2%2Fmedia&parent=72658"}],"wp:term":[{"taxonomy":"category","embeddable":true,"href":"https:\/\/encuentroinformativo.com.mx\/index.php?rest_route=%2Fwp%2Fv2%2Fcategories&post=72658"},{"taxonomy":"post_tag","embeddable":true,"href":"https:\/\/encuentroinformativo.com.mx\/index.php?rest_route=%2Fwp%2Fv2%2Ftags&post=72658"}],"curies":[{"name":"wp","href":"https:\/\/api.w.org\/{rel}","templated":true}]}}