{"id":72673,"date":"2025-11-10T10:18:55","date_gmt":"2025-11-10T16:18:55","guid":{"rendered":"https:\/\/encuentroinformativo.com.mx\/?p=72673"},"modified":"2025-11-10T10:18:55","modified_gmt":"2025-11-10T16:18:55","slug":"inicia-equifonia-actividades-de-recaudacion-de-fin-de-ano","status":"publish","type":"post","link":"https:\/\/encuentroinformativo.com.mx\/?p=72673","title":{"rendered":"Inicia Equifon\u00eda actividades de recaudaci\u00f3n de fin de a\u00f1o"},"content":{"rendered":"<p><strong>* Son fondos para seguir apoyando a ni\u00f1as y adolescentes.<\/strong><\/p>\n<p><strong>Dar\u00edo Pale<\/strong><\/p>\n<p>Xalapa, Ver.- La organizaci\u00f3n Equifon\u00eda, Asociaci\u00f3n Civil, anunci\u00f3 el inicio de sus actividades de recaudaci\u00f3n de fin de a\u00f1o con el objetivo de fortalecer su labor de orientaci\u00f3n y acompa\u00f1amiento a ni\u00f1as y adolescentes v\u00edctimas de violencia sexual en Veracruz.<\/p>\n<p>En conferencia de prensa, la coordinadora general de la organizaci\u00f3n, Adriana Fuentes, destac\u00f3 que desde hace 15 a\u00f1os Equifon\u00eda trabaja por la defensa y promoci\u00f3n de los derechos de mujeres, ni\u00f1as y adolescentes, y que esta campa\u00f1a busca consolidar su sostenibilidad y ampliar la cobertura en los municipios con mayor incidencia de embarazo infantil.<\/p>\n<p>Como parte de las acciones de cierre de a\u00f1o, se present\u00f3 la segunda edici\u00f3n de \u201cMil Gracias\u201d, una campa\u00f1a virtual de donativos mediante la cual la ciudadan\u00eda puede contribuir de forma segura a trav\u00e9s de un enlace disponible en sus redes sociales. Las aportaciones pueden realizarse en una sola ocasi\u00f3n o de manera mensual sin un m\u00ednimo establecido; incluso con 10 pesos diarios se puede generar un impacto positivo, se\u00f1al\u00f3 Fuentes.<\/p>\n<p>Adem\u00e1s, anunciaron su primera cena con causa, a realizarse el 1 de diciembre a partir de las 20:00 horas en La Estancia de los Tecajetes, sucursal Centro, empresa jalape\u00f1a que se sum\u00f3 solidariamente a esta iniciativa. El evento contar\u00e1 con una cena de cuatro tiempos y m\u00fasica en vivo a cargo de Lizareli Serv\u00edn en samba.<\/p>\n<p>Los boletos tienen un costo de 700 pesos y est\u00e1n disponibles mediante dos modalidades: dep\u00f3sito o transferencia bancaria enviando comprobante para asignar lugares, o pago en efectivo directamente en las oficinas de Equifon\u00eda, ubicadas en Diego Le\u00f1o 51, interior 401, colonia Centro, en un horario de 9:00 a 16:00 horas. Tanto los boletos como las aportaciones a \u201cMil Gracias\u201d son deducibles de impuestos.<\/p>\n<p>Fuentes advirti\u00f3 sobre la gravedad de la situaci\u00f3n en el estado: de acuerdo con cifras oficiales, Veracruz se coloc\u00f3 en 2024 como el tercer estado del pa\u00eds con m\u00e1s casos de embarazo infantil, registrando 621 ni\u00f1as menores de 15 a\u00f1os que tuvieron un parto.<\/p>\n<p>La organizaci\u00f3n ha identificado 10 municipios de atenci\u00f3n prioritaria por su alta concentraci\u00f3n de casos: Altotonga, Coscomatepec, C\u00f3rdoba, Coatzacoalcos, Mart\u00ednez de la Torre, San Andr\u00e9s Tuxtla, Perote, Papantla, Xalapa y Veracruz Puerto.<\/p>\n<p>Sin embargo, aclararon que los 212 municipios del estado registran nacimientos en ni\u00f1as, lo que evidencia la urgente necesidad de ampliar la cobertura de acompa\u00f1amiento y prevenci\u00f3n.<\/p>\n<p>\u201cSi el compromiso nacional es erradicar el embarazo infantil para 2030, los datos nos indican que ese objetivo no se alcanzar\u00e1 si no se redoblan esfuerzos institucionales y de la sociedad civil\u201d, enfatiz\u00f3 Fuentes.<\/p>\n<p>Equifon\u00eda se ha fijado los siguientes objetivos durante esta campa\u00f1a:<\/p>\n<p>Venta de 100 boletos para la cena con causa<\/p>\n<p>Incorporar al menos 3 donantes recurrentes al mes en la campa\u00f1a \u201cMil Gracias\u201d<\/p>\n<p>Extender atenci\u00f3n y asesor\u00eda a m\u00e1s ni\u00f1as y familias, sumando m\u00e1s municipios a su cobertura<\/p>\n<p>La organizaci\u00f3n trabaja desde hace una d\u00e9cada en acompa\u00f1amiento legal, psicol\u00f3gico y social para v\u00edctimas de violencia sexual y sus familias, casos que en ocasiones se han visibilizado gracias a la participaci\u00f3n de medios de comunicaci\u00f3n.<\/p>\n<p>Equifon\u00eda invita a empresas, liderazgos y a la ciudadan\u00eda en general a sumarse para proteger los derechos de las ni\u00f1as y adolescentes de Veracruz.<\/p>\n<p>Para m\u00e1s informaci\u00f3n o adquirir boletos, ponen a disposici\u00f3n el n\u00famero 2281-828693 y sus cuentas oficiales en redes sociales.<\/p>\n<p>Por \u00faltimo comentaron que, \u201c\u00a1Protejamos a las ni\u00f1as! Ciudadanicemos el acompa\u00f1amiento. No podemos dejar solas a las v\u00edctimas\u201d.<\/p>\n","protected":false},"excerpt":{"rendered":"<p>* Son fondos para seguir apoyando a ni\u00f1as y adolescentes. Dar\u00edo Pale Xalapa, Ver.- La organizaci\u00f3n Equifon\u00eda, Asociaci\u00f3n Civil, anunci\u00f3 el inicio de sus actividades de recaudaci\u00f3n de fin de a\u00f1o con el objetivo de fortalecer su labor de orientaci\u00f3n y acompa\u00f1amiento a ni\u00f1as y adolescentes v\u00edctimas de violencia sexual en Veracruz. En conferencia de [&hellip;]<\/p>\n","protected":false},"author":2476,"featured_media":72674,"comment_status":"open","ping_status":"open","sticky":false,"template":"","format":"standard","meta":{"_jetpack_memberships_contains_paid_content":false,"footnotes":""},"categories":[3],"tags":[],"class_list":["post-72673","post","type-post","status-publish","format-standard","has-post-thumbnail","hentry","category-xalapa"],"jetpack_featured_media_url":"https:\/\/encuentroinformativo.com.mx\/wp-content\/uploads\/2025\/11\/IMG-20251110-WA0088.jpg","jetpack_sharing_enabled":true,"jetpack_likes_enabled":true,"amp_enabled":true,"_links":{"self":[{"href":"https:\/\/encuentroinformativo.com.mx\/index.php?rest_route=\/wp\/v2\/posts\/72673","targetHints":{"allow":["GET"]}}],"collection":[{"href":"https:\/\/encuentroinformativo.com.mx\/index.php?rest_route=\/wp\/v2\/posts"}],"about":[{"href":"https:\/\/encuentroinformativo.com.mx\/index.php?rest_route=\/wp\/v2\/types\/post"}],"author":[{"embeddable":true,"href":"https:\/\/encuentroinformativo.com.mx\/index.php?rest_route=\/wp\/v2\/users\/2476"}],"replies":[{"embeddable":true,"href":"https:\/\/encuentroinformativo.com.mx\/index.php?rest_route=%2Fwp%2Fv2%2Fcomments&post=72673"}],"version-history":[{"count":1,"href":"https:\/\/encuentroinformativo.com.mx\/index.php?rest_route=\/wp\/v2\/posts\/72673\/revisions"}],"predecessor-version":[{"id":72675,"href":"https:\/\/encuentroinformativo.com.mx\/index.php?rest_route=\/wp\/v2\/posts\/72673\/revisions\/72675"}],"wp:featuredmedia":[{"embeddable":true,"href":"https:\/\/encuentroinformativo.com.mx\/index.php?rest_route=\/wp\/v2\/media\/72674"}],"wp:attachment":[{"href":"https:\/\/encuentroinformativo.com.mx\/index.php?rest_route=%2Fwp%2Fv2%2Fmedia&parent=72673"}],"wp:term":[{"taxonomy":"category","embeddable":true,"href":"https:\/\/encuentroinformativo.com.mx\/index.php?rest_route=%2Fwp%2Fv2%2Fcategories&post=72673"},{"taxonomy":"post_tag","embeddable":true,"href":"https:\/\/encuentroinformativo.com.mx\/index.php?rest_route=%2Fwp%2Fv2%2Ftags&post=72673"}],"curies":[{"name":"wp","href":"https:\/\/api.w.org\/{rel}","templated":true}]}}