{"id":72676,"date":"2025-11-10T11:29:11","date_gmt":"2025-11-10T17:29:11","guid":{"rendered":"https:\/\/encuentroinformativo.com.mx\/?p=72676"},"modified":"2025-11-10T11:29:11","modified_gmt":"2025-11-10T17:29:11","slug":"reclaman-justicia-para-joven-herido-de-gravedad-en-accidente-de-la-joya","status":"publish","type":"post","link":"https:\/\/encuentroinformativo.com.mx\/?p=72676","title":{"rendered":"Reclaman justicia para joven herido de gravedad en accidente de La Joya"},"content":{"rendered":"<p><strong>Dar\u00edo Pale<\/strong><\/p>\n<p>Xalapa, Ver.- Familiares de Erik Bello Alfaro, joven de 28 a\u00f1os que result\u00f3 gravemente herido en un accidente ocurrido el pasado 19 de octubre sobre el tramo hacia La Joya, denunciaron presunto encubrimiento y favoritismo por parte de elementos de la Guardia Nacional y personal de la Fiscal\u00eda General del Estado en favor del presunto responsable.<\/p>\n<p>Lorena Bello Alfaro, madre del joven lesionado, relat\u00f3 que aquel d\u00eda recibi\u00f3 una llamada alrededor de las 13:15 horas para informarle que su hijo hab\u00eda sufrido un accidente. De inmediato se traslad\u00f3 al CAE de Especialidades M\u00e9dicas, donde m\u00e9dicos le notificaron que Erik presentaba edema cerebral severo, m\u00faltiples contusiones, fracturas maxilares, lesiones en pelvis, mano y pierna, adem\u00e1s de permanecer intubado debido a la gravedad.<\/p>\n<p>\u201cMi hijo estuvo 10 d\u00edas en terapia intensiva. Hoy tiene secuelas neurol\u00f3gicas y problemas de memoria. Todo ha sido muy dif\u00edcil y encima no hay justicia\u201d, expres\u00f3.<\/p>\n<p>\u201cCorte de circulaci\u00f3n ilegal\u201d y omisi\u00f3n de auxilio<\/p>\n<p>De acuerdo con el testimonio de un amigo que viajaba con Erik \u2014quien fue presencial al percance\u2014, los j\u00f3venes se dirig\u00edan a desayunar cuando, a la altura de Joya Chica, un veh\u00edculo Chevrolet Onix azul, modelo 2024, conducido por Alan Jos\u00e9 Miguel Perea, de 19 a\u00f1os, presuntamente realiz\u00f3 un corte de circulaci\u00f3n sin se\u00f1alamientos previos ni intermitentes, en un tramo con doble l\u00ednea continua donde los giros est\u00e1n prohibidos.<\/p>\n<p>Tras el impacto, Erik sali\u00f3 proyectado hacia una cuneta. El conductor del autom\u00f3vil involucrado no descendi\u00f3 a auxiliarlo, confirmaron los testigos.<\/p>\n<p>La llegada oportuna de una ambulancia fue clave para salvarle la vida. Sin embargo, la familia asegura que el manejo de la escena fue irregular.<\/p>\n<p>Acusan encubrimiento de Guardia Nacional<\/p>\n<p>Lorena se\u00f1al\u00f3 directamente al elemento Jos\u00e9 Iv\u00e1n Jer\u00f3nimo Ramos, quien habr\u00eda:<\/p>\n<p>Omitido levantar el informe de hechos<\/p>\n<p>Negado detener al conductor, justificando que era \u201cmenor de edad\u201d<\/p>\n<p>Permitido la alteraci\u00f3n de evidencias, luego de que la sangre de la v\u00edctima fuera cubierta con cal<\/p>\n<p>\u201cSe ve\u00eda la cercan\u00eda entre los familiares del presunto responsable y los agentes. Se protegi\u00f3 al joven y no se hizo el trabajo que la ley exige\u201d, denunci\u00f3 la madre.<\/p>\n<p>Por su parte, Daniela Soler, pareja de Erik, afirm\u00f3 haber sido revictimizada en la atenci\u00f3n que recibi\u00f3 en la Fiscal\u00eda 8, donde dijo fue cuestionada y se le insinu\u00f3 que su pareja era el responsable, incluso antes de que ella declarara formalmente y sin que se hubiera integrado la carpeta de investigaci\u00f3n.<\/p>\n<p>Asegur\u00f3 que la fiscal Eva Teresa G\u00f3mez Valderrama:<\/p>\n<p>Le impidi\u00f3 ver la carpeta<\/p>\n<p>Rechaz\u00f3 recibir la acreditaci\u00f3n del asesor jur\u00eddico de la familia<\/p>\n<p>Insisti\u00f3 en que Erik \u201cno necesitaba abogado\u201d, sino un defensor, sugiriendo responsabilidad penal del lesionado<\/p>\n<p>\u201c\u00bfC\u00f3mo puede determinar culpabilidad cuando ni siquiera se han valorado las pruebas? Solo exigimos legalidad\u201d, reclam\u00f3.<\/p>\n<p>Los familiares se\u00f1alaron que hasta ahora la aseguradora no ha cubierto los gastos m\u00e9dicos, los cuales han sido costeados por ellos mismos, y que la otra parte no se ha acercado para asumir alguna responsabilidad.<\/p>\n<p>\u201cNo pedimos privilegios, pedimos justicia. No queremos que por influencias queden impunes\u201d, concluy\u00f3 la madre del joven herido.<\/p>\n<p>Finalmente la familia hizo un llamado a la gobernadora del estado y autoridades competentes para que se revisen las presuntas irregularidades y se garantice una investigaci\u00f3n imparcial sobre lo ocurrido.<\/p>\n","protected":false},"excerpt":{"rendered":"<p>Dar\u00edo Pale Xalapa, Ver.- Familiares de Erik Bello Alfaro, joven de 28 a\u00f1os que result\u00f3 gravemente herido en un accidente ocurrido el pasado 19 de octubre sobre el tramo hacia La Joya, denunciaron presunto encubrimiento y favoritismo por parte de elementos de la Guardia Nacional y personal de la Fiscal\u00eda General del Estado en favor [&hellip;]<\/p>\n","protected":false},"author":2476,"featured_media":72677,"comment_status":"open","ping_status":"open","sticky":false,"template":"","format":"standard","meta":{"_jetpack_memberships_contains_paid_content":false,"footnotes":""},"categories":[8],"tags":[],"class_list":["post-72676","post","type-post","status-publish","format-standard","has-post-thumbnail","hentry","category-region"],"jetpack_featured_media_url":"https:\/\/encuentroinformativo.com.mx\/wp-content\/uploads\/2025\/11\/IMG-20251110-WA0100.jpg","jetpack_sharing_enabled":true,"jetpack_likes_enabled":true,"amp_enabled":true,"_links":{"self":[{"href":"https:\/\/encuentroinformativo.com.mx\/index.php?rest_route=\/wp\/v2\/posts\/72676","targetHints":{"allow":["GET"]}}],"collection":[{"href":"https:\/\/encuentroinformativo.com.mx\/index.php?rest_route=\/wp\/v2\/posts"}],"about":[{"href":"https:\/\/encuentroinformativo.com.mx\/index.php?rest_route=\/wp\/v2\/types\/post"}],"author":[{"embeddable":true,"href":"https:\/\/encuentroinformativo.com.mx\/index.php?rest_route=\/wp\/v2\/users\/2476"}],"replies":[{"embeddable":true,"href":"https:\/\/encuentroinformativo.com.mx\/index.php?rest_route=%2Fwp%2Fv2%2Fcomments&post=72676"}],"version-history":[{"count":1,"href":"https:\/\/encuentroinformativo.com.mx\/index.php?rest_route=\/wp\/v2\/posts\/72676\/revisions"}],"predecessor-version":[{"id":72678,"href":"https:\/\/encuentroinformativo.com.mx\/index.php?rest_route=\/wp\/v2\/posts\/72676\/revisions\/72678"}],"wp:featuredmedia":[{"embeddable":true,"href":"https:\/\/encuentroinformativo.com.mx\/index.php?rest_route=\/wp\/v2\/media\/72677"}],"wp:attachment":[{"href":"https:\/\/encuentroinformativo.com.mx\/index.php?rest_route=%2Fwp%2Fv2%2Fmedia&parent=72676"}],"wp:term":[{"taxonomy":"category","embeddable":true,"href":"https:\/\/encuentroinformativo.com.mx\/index.php?rest_route=%2Fwp%2Fv2%2Fcategories&post=72676"},{"taxonomy":"post_tag","embeddable":true,"href":"https:\/\/encuentroinformativo.com.mx\/index.php?rest_route=%2Fwp%2Fv2%2Ftags&post=72676"}],"curies":[{"name":"wp","href":"https:\/\/api.w.org\/{rel}","templated":true}]}}