{"id":72685,"date":"2025-11-10T15:44:24","date_gmt":"2025-11-10T21:44:24","guid":{"rendered":"https:\/\/encuentroinformativo.com.mx\/?p=72685"},"modified":"2025-11-10T15:44:24","modified_gmt":"2025-11-10T21:44:24","slug":"reporta-canacintra-160-empresas-afectadas-en-la-zona-norte","status":"publish","type":"post","link":"https:\/\/encuentroinformativo.com.mx\/?p=72685","title":{"rendered":"Reporta CANACINTRA 160 empresas afectadas en la zona norte"},"content":{"rendered":"<p><strong>Dar\u00edo Pale<\/strong><\/p>\n<p>Xalapa, Ver.- La C\u00e1mara Nacional de la Industria de Transformaci\u00f3n (Canacintra) alert\u00f3 sobre la grave situaci\u00f3n econ\u00f3mica que atraviesa la zona norte de Veracruz tras las recientes inundaciones, donde 160 empresas de Poza Rica, Tuxpan y municipios colindantes resultaron severamente afectadas, especialmente en el ramo agroindustrial, automotriz, metalmec\u00e1nico y de comercio.<\/p>\n<p>Representantes del organismo informaron que al menos 30 por ciento de estas empresas registran p\u00e9rdida total, mientras que el 70 por ciento restante enfrenta da\u00f1os significativos, lo que complica su continuidad operativa y pone en riesgo miles de empleos.<\/p>\n<p>\u201cEn toda desgracia, los m\u00e1s afectados son quienes menos tienen. Las micro y peque\u00f1as empresas son las que est\u00e1n sufriendo m\u00e1s para volver a operar\u201d, afirm\u00f3 el presidente de Canacintra regi\u00f3n Golfo Juan Manuel Garc\u00eda Gonz\u00e1lez.<\/p>\n<p>Adem\u00e1s de la destrucci\u00f3n de maquinaria, inventarios y espacios de trabajo, los empresarios deben seguir cubriendo pagos de luz, agua, proveedores y n\u00f3minas, pese a no estar generando ingresos suficientes.<\/p>\n<p>La agroindustria en \u00c1lamo fue una de las m\u00e1s golpeadas, afectando tambi\u00e9n la cadena de suministro estatal.<\/p>\n<p>Aunque muchas empresas contin\u00faan intentando operar, la ca\u00edda en la producci\u00f3n se refleja directamente en la p\u00e9rdida de empleos.<\/p>\n<p>\u201cSi no hay producci\u00f3n, no puede haber ventas. Estamos obligados a buscar alternativas para evitar que la econom\u00eda colapse\u201d, destacaron.<\/p>\n<p>Se estima que el proceso de recuperaci\u00f3n pueda tardar de dos a tres a\u00f1os, seg\u00fan experiencias previas como la inundaci\u00f3n de 1999.<\/p>\n<p>Canacintra hizo un llamado para que las obras de limpieza y reconstrucci\u00f3n en la regi\u00f3n se asignen prioritariamente a empresas locales:<\/p>\n<p>\u201cSi las contrataciones se las llevan compa\u00f1\u00edas de fuera, nuestros proveedores no podr\u00e1n recuperarse. Necesitan trabajar y vender\u201d, subrayaron.<\/p>\n<p>Tambi\u00e9n solicitaron pr\u00f3rrogas en pagos de servicios, as\u00ed como un programa emergente que apoye a las peque\u00f1as y microempresas para mantener a sus colaboradores.<\/p>\n<p>Diego Arr\u00e9s Rebolledo, aliado estrat\u00e9gico de Canacintra para competitividad, inform\u00f3 que ya inici\u00f3 un plan integral denominado.<\/p>\n<p>Reactivaci\u00f3n empresarial de empresas Canacintra de la zona norte el programa incluye: Censo e inventario detallado de los da\u00f1os, evidencia documental y financiera para respaldar solicitudes de apoyo, Asistencia en negociaciones con proveedores y acreedores, Vinculaci\u00f3n con Nafin, FIRA y banca de desarrollo para cr\u00e9ditos de recuperaci\u00f3n, Coordinaci\u00f3n con Econom\u00eda, SEDECOP, SADER y SEDARPA para incentivos sectoriales<\/p>\n<p>\u201cLas empresas no est\u00e1n solas. Vamos a apoyarlas para recuperar sus operaciones paso a paso y evitar m\u00e1s quiebras\u201d, asegur\u00f3 Arr\u00e9s Rebolledo.<\/p>\n<p>Se espera que la pr\u00f3xima semana se anuncien apoyos oficiales, como fondos de garant\u00eda, periodos de gracia y cr\u00e9ditos preferenciales.<\/p>\n<p>Aunque reconocen el respaldo institucional, el sector advierte que el tiempo juega en contra, \u201cLo peor que puede pasar es una empresa muerta. Si cerramos, ya no habr\u00e1 quien pague impuestos, servicios ni empleos\u201d.<\/p>\n<p>En otro orden de ideas la CANACINTRA anunci\u00f3 la realizaci\u00f3n del Veracruz AI Summit 2025, un encuentro que busca posicionar al estado como un polo tecnol\u00f3gico de innovaci\u00f3n en el sureste del pa\u00eds. El evento se llevar\u00e1 a cabo el 21 de noviembre a partir de las 9:00 horas en el Museo Kan\u00e1, en Xalapa.<\/p>\n<p>Durante la presentaci\u00f3n, el vicepresidente de Tecnolog\u00edas de la Informaci\u00f3n de Canacintra, C\u00e9sar Axel M\u00fazica, destac\u00f3 que la entidad enfrenta una p\u00e9rdida del 61.2% del talento en tecnolog\u00edas de informaci\u00f3n entre 2021 y 2025, de acuerdo con datos de la Secretar\u00eda de Econom\u00eda. Esta fuga de especialistas ha obligado a miles de profesionales veracruzanos a migrar hacia polos tecnol\u00f3gicos como Monterrey, Jalisco, Quer\u00e9taro o Ciudad de M\u00e9xico.<\/p>\n<p>Por ello, explic\u00f3 que el encuentro busca convertirse en un evento ancla que permita generar comunidad, networking e intercambio de ideas que impulsen el desarrollo tecnol\u00f3gico en la entidad.<\/p>\n<p>\u201cTenemos instituciones, industria, una comunidad acad\u00e9mica preparada y j\u00f3venes con ganas de innovar. Veracruz puede y debe consolidarse como referente tecnol\u00f3gico\u201d, afirm\u00f3 M\u00fazica.<\/p>\n<p>Uno de los momentos m\u00e1s importantes del encuentro ser\u00e1 la presentaci\u00f3n oficial del primer modelo de inteligencia artificial desarrollado en M\u00e9xico, impulsado desde Veracruz y bajo un formato de c\u00f3digo abierto, para que m\u00e1s talentos y empresas puedan sumarse a su crecimiento.<\/p>\n<p>Finalmente dijeron que se contar\u00e1 con la participaci\u00f3n de empresas tecnol\u00f3gicas nacionales e internacionales, as\u00ed como con representantes del gobierno federal, entre ellos el doctor Diego Flores Jim\u00e9nez, titular de la Industria Electr\u00f3nica de la Secretar\u00eda de Econom\u00eda, quien lidera a nivel nacional los esfuerzos en IA, semiconductores y econom\u00eda del conocimiento.<\/p>\n","protected":false},"excerpt":{"rendered":"<p>Dar\u00edo Pale Xalapa, Ver.- La C\u00e1mara Nacional de la Industria de Transformaci\u00f3n (Canacintra) alert\u00f3 sobre la grave situaci\u00f3n econ\u00f3mica que atraviesa la zona norte de Veracruz tras las recientes inundaciones, donde 160 empresas de Poza Rica, Tuxpan y municipios colindantes resultaron severamente afectadas, especialmente en el ramo agroindustrial, automotriz, metalmec\u00e1nico y de comercio. Representantes del [&hellip;]<\/p>\n","protected":false},"author":2476,"featured_media":72686,"comment_status":"open","ping_status":"open","sticky":false,"template":"","format":"standard","meta":{"_jetpack_memberships_contains_paid_content":false,"footnotes":""},"categories":[2],"tags":[],"class_list":["post-72685","post","type-post","status-publish","format-standard","has-post-thumbnail","hentry","category-estado"],"jetpack_featured_media_url":"https:\/\/encuentroinformativo.com.mx\/wp-content\/uploads\/2025\/11\/IMG-20251110-WA0184.jpg","jetpack_sharing_enabled":true,"jetpack_likes_enabled":true,"amp_enabled":true,"_links":{"self":[{"href":"https:\/\/encuentroinformativo.com.mx\/index.php?rest_route=\/wp\/v2\/posts\/72685","targetHints":{"allow":["GET"]}}],"collection":[{"href":"https:\/\/encuentroinformativo.com.mx\/index.php?rest_route=\/wp\/v2\/posts"}],"about":[{"href":"https:\/\/encuentroinformativo.com.mx\/index.php?rest_route=\/wp\/v2\/types\/post"}],"author":[{"embeddable":true,"href":"https:\/\/encuentroinformativo.com.mx\/index.php?rest_route=\/wp\/v2\/users\/2476"}],"replies":[{"embeddable":true,"href":"https:\/\/encuentroinformativo.com.mx\/index.php?rest_route=%2Fwp%2Fv2%2Fcomments&post=72685"}],"version-history":[{"count":1,"href":"https:\/\/encuentroinformativo.com.mx\/index.php?rest_route=\/wp\/v2\/posts\/72685\/revisions"}],"predecessor-version":[{"id":72687,"href":"https:\/\/encuentroinformativo.com.mx\/index.php?rest_route=\/wp\/v2\/posts\/72685\/revisions\/72687"}],"wp:featuredmedia":[{"embeddable":true,"href":"https:\/\/encuentroinformativo.com.mx\/index.php?rest_route=\/wp\/v2\/media\/72686"}],"wp:attachment":[{"href":"https:\/\/encuentroinformativo.com.mx\/index.php?rest_route=%2Fwp%2Fv2%2Fmedia&parent=72685"}],"wp:term":[{"taxonomy":"category","embeddable":true,"href":"https:\/\/encuentroinformativo.com.mx\/index.php?rest_route=%2Fwp%2Fv2%2Fcategories&post=72685"},{"taxonomy":"post_tag","embeddable":true,"href":"https:\/\/encuentroinformativo.com.mx\/index.php?rest_route=%2Fwp%2Fv2%2Ftags&post=72685"}],"curies":[{"name":"wp","href":"https:\/\/api.w.org\/{rel}","templated":true}]}}