{"id":72694,"date":"2025-11-10T16:30:26","date_gmt":"2025-11-10T22:30:26","guid":{"rendered":"https:\/\/encuentroinformativo.com.mx\/?p=72694"},"modified":"2025-11-10T16:30:26","modified_gmt":"2025-11-10T22:30:26","slug":"descarta-gobernadora-aplicar-impuestos-a-bebidas-embriagantes","status":"publish","type":"post","link":"https:\/\/encuentroinformativo.com.mx\/?p=72694","title":{"rendered":"Descarta Gobernadora aplicar impuestos a bebidas embriagantes"},"content":{"rendered":"<p><strong>Dar\u00edo Pale<\/strong><\/p>\n<p>Xalapa, Ver.- La gobernadora de Veracruz, Norma Roc\u00edo Nahle Garc\u00eda, al ser cuestionada sobre una posible alza a su salario, Nahle asegur\u00f3 que no ten\u00eda conocimiento del incremento y que este depende del tabulador incluido en el presupuesto, principalmente para personal de confianza.<\/p>\n<p>\u201cYo ni sab\u00eda que iba a haber aumento salarial\u2026 en el presupuesto va un aumento a la burocracia\u201d, respondi\u00f3.<\/p>\n<p>Descart\u00f3 la implementaci\u00f3n de un impuesto a bebidas alcoh\u00f3licas para el 2026, al precisar que si bien se hab\u00eda realizado un an\u00e1lisis previo, no se aplicar\u00e1 ning\u00fan gravamen de ese tipo el pr\u00f3ximo a\u00f1o.<\/p>\n<p>La mandataria tambi\u00e9n confirm\u00f3 que su administraci\u00f3n proyecta la adquisici\u00f3n de tres helic\u00f3pteros y una aeronave, enfocados principalmente en tareas de emergencia como el combate a incendios forestales y atenci\u00f3n en zonas de dif\u00edcil acceso.<\/p>\n<p>\u201cSon como 400 millones de pesos por los tres helic\u00f3pteros m\u00e1s el chiquito\u201d, se\u00f1al\u00f3 Nahle al explicar que uno de los aparatos ser\u00eda de menor tama\u00f1o para ingresar a \u00e1reas donde los dem\u00e1s no pueden aterrizar.<\/p>\n<p>Respecto a la compra del avi\u00f3n, dijo que se analiza la posibilidad de entregar el actual \u201cTaj\u00edn\u201d a cuenta y evaluar el estado de otras aeronaves del Gobierno estatal que se encuentran en desuso.<\/p>\n<p>La titular del Ejecutivo inform\u00f3 que contin\u00faan los trabajos de atenci\u00f3n en Poza Rica, \u00c1lamo y zonas serranas afectadas por colapsos en drenajes y caminos.<\/p>\n<p>Destac\u00f3 la llegada de 10 unidades tipo Vactor para la rehabilitaci\u00f3n de drenajes y adelant\u00f3 que para el pr\u00f3ximo a\u00f1o se contempla la reconstrucci\u00f3n de numerosos puentes y pavimentaci\u00f3n de caminos.<\/p>\n<p>Nahle record\u00f3 que se mantiene el llamado al emplacamiento de motocicletas, y en 2025 iniciar\u00e1 el reemplazo de placas de autom\u00f3viles:<\/p>\n<p>Primero, unidades que a\u00fan portan matr\u00edculas de la administraci\u00f3n de Javier Duarte. Despu\u00e9s, veh\u00edculos con placas emitidas durante el gobierno de Miguel \u00c1ngel Yunes.<\/p>\n<p>Dijo que el costo del reemplacamiento a\u00fan no est\u00e1 definido y no descart\u00f3 que pudiera ser gratuito, como ocurri\u00f3 con las motocicletas.<\/p>\n<p>La gobernadora destac\u00f3 la instalaci\u00f3n del Consejo de Inversi\u00f3n de la Secretar\u00eda de Econom\u00eda, as\u00ed como el acercamiento con inversionistas nacionales y extranjeros que visitar\u00e1n Tuxpan y Emiliano Zapata.<\/p>\n<p>Adelant\u00f3 que en Veracruz se crear\u00e1 una Escuela de Servicios Tur\u00edsticos, aprovechando instalaciones ya existentes de la SEV, para fortalecer la capacitaci\u00f3n en hoteler\u00eda y gastronom\u00eda.<\/p>\n<p>Confirm\u00f3 que este a\u00f1o regresar\u00e1 el \u201cViejo de la Calle\u201d como celebraci\u00f3n de fin de a\u00f1o.<\/p>\n<p>Sobre el Nido del Halc\u00f3n, dijo que a\u00fan no ha sido recibido, pues falta revisi\u00f3n de la Contralor\u00eda.<\/p>\n<p>En cuanto al decomiso de combustible en Perote, aclar\u00f3 que los permisos de hidrocarburos son facultad federal, por lo que la FGR informar\u00e1 sobre el tema.<\/p>\n<p>Nahle anunci\u00f3 que su primer Informe de Gobierno ser\u00e1 presentado al pueblo el 30 de noviembre en Plaza Lerdo y posteriormente acudir\u00e1 al Congreso del Estado el 3 de diciembre.<\/p>\n<p>\u201cVamos a invitar a todos: a la presidenta, al gabinete, a los gobernadores\u201d, afirm\u00f3.<\/p>\n<p>La mandataria concluy\u00f3 refiriendo que se encuentra enfocada en la entrega del reporte oficial al Congreso, el cual deber\u00e1 presentarse el 15 de noviembre, previo al evento p\u00fablico.<\/p>\n","protected":false},"excerpt":{"rendered":"<p>Dar\u00edo Pale Xalapa, Ver.- La gobernadora de Veracruz, Norma Roc\u00edo Nahle Garc\u00eda, al ser cuestionada sobre una posible alza a su salario, Nahle asegur\u00f3 que no ten\u00eda conocimiento del incremento y que este depende del tabulador incluido en el presupuesto, principalmente para personal de confianza. \u201cYo ni sab\u00eda que iba a haber aumento salarial\u2026 en [&hellip;]<\/p>\n","protected":false},"author":2476,"featured_media":72695,"comment_status":"open","ping_status":"open","sticky":false,"template":"","format":"standard","meta":{"_jetpack_memberships_contains_paid_content":false,"footnotes":""},"categories":[2],"tags":[],"class_list":["post-72694","post","type-post","status-publish","format-standard","has-post-thumbnail","hentry","category-estado"],"jetpack_featured_media_url":"https:\/\/encuentroinformativo.com.mx\/wp-content\/uploads\/2025\/11\/IMG-20251110-WA0221.jpg","jetpack_sharing_enabled":true,"jetpack_likes_enabled":true,"amp_enabled":true,"_links":{"self":[{"href":"https:\/\/encuentroinformativo.com.mx\/index.php?rest_route=\/wp\/v2\/posts\/72694","targetHints":{"allow":["GET"]}}],"collection":[{"href":"https:\/\/encuentroinformativo.com.mx\/index.php?rest_route=\/wp\/v2\/posts"}],"about":[{"href":"https:\/\/encuentroinformativo.com.mx\/index.php?rest_route=\/wp\/v2\/types\/post"}],"author":[{"embeddable":true,"href":"https:\/\/encuentroinformativo.com.mx\/index.php?rest_route=\/wp\/v2\/users\/2476"}],"replies":[{"embeddable":true,"href":"https:\/\/encuentroinformativo.com.mx\/index.php?rest_route=%2Fwp%2Fv2%2Fcomments&post=72694"}],"version-history":[{"count":1,"href":"https:\/\/encuentroinformativo.com.mx\/index.php?rest_route=\/wp\/v2\/posts\/72694\/revisions"}],"predecessor-version":[{"id":72696,"href":"https:\/\/encuentroinformativo.com.mx\/index.php?rest_route=\/wp\/v2\/posts\/72694\/revisions\/72696"}],"wp:featuredmedia":[{"embeddable":true,"href":"https:\/\/encuentroinformativo.com.mx\/index.php?rest_route=\/wp\/v2\/media\/72695"}],"wp:attachment":[{"href":"https:\/\/encuentroinformativo.com.mx\/index.php?rest_route=%2Fwp%2Fv2%2Fmedia&parent=72694"}],"wp:term":[{"taxonomy":"category","embeddable":true,"href":"https:\/\/encuentroinformativo.com.mx\/index.php?rest_route=%2Fwp%2Fv2%2Fcategories&post=72694"},{"taxonomy":"post_tag","embeddable":true,"href":"https:\/\/encuentroinformativo.com.mx\/index.php?rest_route=%2Fwp%2Fv2%2Ftags&post=72694"}],"curies":[{"name":"wp","href":"https:\/\/api.w.org\/{rel}","templated":true}]}}