{"id":72702,"date":"2025-11-11T11:14:31","date_gmt":"2025-11-11T17:14:31","guid":{"rendered":"https:\/\/encuentroinformativo.com.mx\/?p=72702"},"modified":"2025-11-11T11:14:31","modified_gmt":"2025-11-11T17:14:31","slug":"aranceles-al-azucar-beneficiara-a-productores-caneros-gobernadora","status":"publish","type":"post","link":"https:\/\/encuentroinformativo.com.mx\/?p=72702","title":{"rendered":"Aranceles al az\u00facar beneficiar\u00e1 a productores ca\u00f1eros: Gobernadora"},"content":{"rendered":"<p><strong>Dar\u00edo Pale<\/strong><\/p>\n<p>Xalapa, Ver.- La gobernadora Norma Roc\u00edo Nahle Garc\u00eda celebr\u00f3 el decreto emitido por la presidenta Claudia Sheinbaum para incrementar los aranceles al az\u00facar que ingresa al pa\u00eds, medida que -asegur\u00f3- permitir\u00e1 proteger a los productores ca\u00f1eros de Veracruz ante la ca\u00edda del precio del endulzante en el mercado nacional.<\/p>\n<p>De acuerdo con la mandataria estatal, los impuestos aplicados a las importaciones de az\u00facar oscilar\u00e1n entre 156% y 210%, principalmente dirigidos al producto proveniente de Brasil, uno de los mayores exportadores hacia M\u00e9xico.<\/p>\n<p>\u201cEl precio del az\u00facar se hab\u00eda desplomado por la entrada masiva del endulzante importado. No hab\u00eda un precio soporte y se derrumb\u00f3. Esto va a ayudar a que el productor ca\u00f1ero fije su precio en mejor posici\u00f3n\u201d, afirm\u00f3 Nahle.<\/p>\n<p>La gobernadora destac\u00f3 que Veracruz es el estado n\u00famero uno en producci\u00f3n de ca\u00f1a de az\u00facar en el pa\u00eds, con 19 ingenios en operaci\u00f3n y miles de familias que dependen directamente de esta cadena productiva.<\/p>\n<p>En ese sentido, afirm\u00f3 que la decisi\u00f3n del Gobierno Federal responde a una pol\u00edtica de defensa de la producci\u00f3n nacional.<\/p>\n<p>\u201cEs darle prioridad a nuestros productores para que se les pague mejor su cosecha. El az\u00facar que se venda debe ser primero la mexicana\u201d.<\/p>\n<p>Nahle asegur\u00f3 que el incremento en aranceles no afectar\u00e1 el costo del az\u00facar al p\u00fablico, ya que los precios al consumidor permanec\u00edan estables dentro de la canasta b\u00e1sica, pese a la saturaci\u00f3n del mercado por producto importado.<\/p>\n<p>Indic\u00f3 que la medida est\u00e1 enfocada exclusivamente en evitar condiciones de competencia desleal que da\u00f1an al sector ca\u00f1ero.<\/p>\n<p>La mandataria reconoci\u00f3 que los productores estaban siendo perjudicados por la entrada descontrolada de az\u00facar extranjera, raz\u00f3n por la que este ajuste fiscal era una necesidad urgente para sostener la econom\u00eda en las zonas ca\u00f1eras del estado.<\/p>\n<p>\u201cSon muy buenas noticias para Veracruz y para todo el pa\u00eds. Se toman decisiones firmes cuando se tienen que tomar\u201d, expres\u00f3.<\/p>\n<p>Por \u00faltimo coment\u00f3 que con este anunci\u00f3, la Gobernadora reiter\u00f3 su respaldo al campo veracruzano y confi\u00f3 en que el nuevo esquema de aranceles garantizar\u00e1 mejores ingresos para miles de productores y mayor estabilidad para la industria azucarera.<\/p>\n","protected":false},"excerpt":{"rendered":"<p>Dar\u00edo Pale Xalapa, Ver.- La gobernadora Norma Roc\u00edo Nahle Garc\u00eda celebr\u00f3 el decreto emitido por la presidenta Claudia Sheinbaum para incrementar los aranceles al az\u00facar que ingresa al pa\u00eds, medida que -asegur\u00f3- permitir\u00e1 proteger a los productores ca\u00f1eros de Veracruz ante la ca\u00edda del precio del endulzante en el mercado nacional. De acuerdo con la [&hellip;]<\/p>\n","protected":false},"author":2476,"featured_media":72703,"comment_status":"open","ping_status":"open","sticky":false,"template":"","format":"standard","meta":{"_jetpack_memberships_contains_paid_content":false,"footnotes":""},"categories":[2],"tags":[],"class_list":["post-72702","post","type-post","status-publish","format-standard","has-post-thumbnail","hentry","category-estado"],"jetpack_featured_media_url":"https:\/\/encuentroinformativo.com.mx\/wp-content\/uploads\/2025\/11\/IMG-20251111-WA00552.jpg","jetpack_sharing_enabled":true,"jetpack_likes_enabled":true,"amp_enabled":true,"_links":{"self":[{"href":"https:\/\/encuentroinformativo.com.mx\/index.php?rest_route=\/wp\/v2\/posts\/72702","targetHints":{"allow":["GET"]}}],"collection":[{"href":"https:\/\/encuentroinformativo.com.mx\/index.php?rest_route=\/wp\/v2\/posts"}],"about":[{"href":"https:\/\/encuentroinformativo.com.mx\/index.php?rest_route=\/wp\/v2\/types\/post"}],"author":[{"embeddable":true,"href":"https:\/\/encuentroinformativo.com.mx\/index.php?rest_route=\/wp\/v2\/users\/2476"}],"replies":[{"embeddable":true,"href":"https:\/\/encuentroinformativo.com.mx\/index.php?rest_route=%2Fwp%2Fv2%2Fcomments&post=72702"}],"version-history":[{"count":1,"href":"https:\/\/encuentroinformativo.com.mx\/index.php?rest_route=\/wp\/v2\/posts\/72702\/revisions"}],"predecessor-version":[{"id":72704,"href":"https:\/\/encuentroinformativo.com.mx\/index.php?rest_route=\/wp\/v2\/posts\/72702\/revisions\/72704"}],"wp:featuredmedia":[{"embeddable":true,"href":"https:\/\/encuentroinformativo.com.mx\/index.php?rest_route=\/wp\/v2\/media\/72703"}],"wp:attachment":[{"href":"https:\/\/encuentroinformativo.com.mx\/index.php?rest_route=%2Fwp%2Fv2%2Fmedia&parent=72702"}],"wp:term":[{"taxonomy":"category","embeddable":true,"href":"https:\/\/encuentroinformativo.com.mx\/index.php?rest_route=%2Fwp%2Fv2%2Fcategories&post=72702"},{"taxonomy":"post_tag","embeddable":true,"href":"https:\/\/encuentroinformativo.com.mx\/index.php?rest_route=%2Fwp%2Fv2%2Ftags&post=72702"}],"curies":[{"name":"wp","href":"https:\/\/api.w.org\/{rel}","templated":true}]}}