{"id":72705,"date":"2025-11-11T11:25:37","date_gmt":"2025-11-11T17:25:37","guid":{"rendered":"https:\/\/encuentroinformativo.com.mx\/?p=72705"},"modified":"2025-11-11T11:25:37","modified_gmt":"2025-11-11T17:25:37","slug":"sedema-con-apoyo-internacional-para-animales-afectados-en-zona-norte-de-veracruz","status":"publish","type":"post","link":"https:\/\/encuentroinformativo.com.mx\/?p=72705","title":{"rendered":"SEDEMA, con apoyo internacional para animales afectados en zona norte de Veracruz"},"content":{"rendered":"<p><strong>Alejandro \u00c1vila<\/strong><\/p>\n<p>Veracruz, Ver.- La secretaria de Medio Ambiente de Veracruz, Luz Mariela Zaleta Mendoza, confirm\u00f3 que la dependencia a su cargo firm\u00f3 un convenio de colaboraci\u00f3n con la Fundaci\u00f3n Internacional &#8220;Humane World for Animals&#8221;, quien proporcionar\u00e1 un importante recurso econ\u00f3mico en favor de las mascotas afectadas durante las inundaciones en la zona norte de la entidad.<\/p>\n<p>La funcionaria estatal reconoci\u00f3 que muchas mascotas resultaron perdidas y no han regresado a su hogar, ante lo cual realizan un censo con apoyo de grupos animalistas para regresar a los perros y gatos con sus respectivas familias.<\/p>\n<p>De la misma manera, dio a conocer que la Secretar\u00eda de Medio Ambiente de Veracruz no ha dejado de apoyar a las mascotas y continua con las brigadas de apoyo m\u00e9dico y alimentario para los animalea de compa\u00f1\u00eda afectados.<\/p>\n<p>&#8220;Dimos atenci\u00f3n tanto en Poza Rica como en \u00c1lamo, la gente estuvo muy contenta, muy agradecida porque s\u00ed hubo muchos animalitos da\u00f1ados, perdidos, hay gente que encontraba a los perritos y los gatitos y los ten\u00eda resguardados en sus hogares pero estaban enfermos, tambi\u00e9n otra de las aportaciones que hicimos fue la donaci\u00f3n de medicamentos. Poza Rica cuenta con un Centro de Salud Animal que fue da\u00f1ado completamente, pero a\u00fan as\u00ed siguieron trabajando y nosotros segu\u00edmos dando alimento para los animalitos&#8221;, declar\u00f3.<\/p>\n<p>Respecto a algunas notas que surgieron sobre presuntos casos de acoso al interior de la Secretar\u00eda, asegur\u00f3 que no habr\u00e1 cabida en esta administraci\u00f3n para quien afecte a alguna mujer, por lo que inst\u00f3 a los afectados a presentar las denuncias formales y as\u00ed, las \u00e1reas encargadas, den seguimiento e investiguen.<\/p>\n","protected":false},"excerpt":{"rendered":"<p>Alejandro \u00c1vila Veracruz, Ver.- La secretaria de Medio Ambiente de Veracruz, Luz Mariela Zaleta Mendoza, confirm\u00f3 que la dependencia a su cargo firm\u00f3 un convenio de colaboraci\u00f3n con la Fundaci\u00f3n Internacional &#8220;Humane World for Animals&#8221;, quien proporcionar\u00e1 un importante recurso econ\u00f3mico en favor de las mascotas afectadas durante las inundaciones en la zona norte de [&hellip;]<\/p>\n","protected":false},"author":2476,"featured_media":72706,"comment_status":"open","ping_status":"open","sticky":false,"template":"","format":"standard","meta":{"_jetpack_memberships_contains_paid_content":false,"footnotes":""},"categories":[2],"tags":[],"class_list":["post-72705","post","type-post","status-publish","format-standard","has-post-thumbnail","hentry","category-estado"],"jetpack_featured_media_url":"https:\/\/encuentroinformativo.com.mx\/wp-content\/uploads\/2025\/11\/IMG-20251111-WA0110.jpg","jetpack_sharing_enabled":true,"jetpack_likes_enabled":true,"amp_enabled":true,"_links":{"self":[{"href":"https:\/\/encuentroinformativo.com.mx\/index.php?rest_route=\/wp\/v2\/posts\/72705","targetHints":{"allow":["GET"]}}],"collection":[{"href":"https:\/\/encuentroinformativo.com.mx\/index.php?rest_route=\/wp\/v2\/posts"}],"about":[{"href":"https:\/\/encuentroinformativo.com.mx\/index.php?rest_route=\/wp\/v2\/types\/post"}],"author":[{"embeddable":true,"href":"https:\/\/encuentroinformativo.com.mx\/index.php?rest_route=\/wp\/v2\/users\/2476"}],"replies":[{"embeddable":true,"href":"https:\/\/encuentroinformativo.com.mx\/index.php?rest_route=%2Fwp%2Fv2%2Fcomments&post=72705"}],"version-history":[{"count":1,"href":"https:\/\/encuentroinformativo.com.mx\/index.php?rest_route=\/wp\/v2\/posts\/72705\/revisions"}],"predecessor-version":[{"id":72707,"href":"https:\/\/encuentroinformativo.com.mx\/index.php?rest_route=\/wp\/v2\/posts\/72705\/revisions\/72707"}],"wp:featuredmedia":[{"embeddable":true,"href":"https:\/\/encuentroinformativo.com.mx\/index.php?rest_route=\/wp\/v2\/media\/72706"}],"wp:attachment":[{"href":"https:\/\/encuentroinformativo.com.mx\/index.php?rest_route=%2Fwp%2Fv2%2Fmedia&parent=72705"}],"wp:term":[{"taxonomy":"category","embeddable":true,"href":"https:\/\/encuentroinformativo.com.mx\/index.php?rest_route=%2Fwp%2Fv2%2Fcategories&post=72705"},{"taxonomy":"post_tag","embeddable":true,"href":"https:\/\/encuentroinformativo.com.mx\/index.php?rest_route=%2Fwp%2Fv2%2Ftags&post=72705"}],"curies":[{"name":"wp","href":"https:\/\/api.w.org\/{rel}","templated":true}]}}