{"id":72708,"date":"2025-11-11T12:14:47","date_gmt":"2025-11-11T18:14:47","guid":{"rendered":"https:\/\/encuentroinformativo.com.mx\/?p=72708"},"modified":"2025-11-11T12:14:47","modified_gmt":"2025-11-11T18:14:47","slug":"convocan-a-proxima-colecta-anual-de-caritas","status":"publish","type":"post","link":"https:\/\/encuentroinformativo.com.mx\/?p=72708","title":{"rendered":"Convocan a pr\u00f3xima colecta anual de C\u00e1ritas"},"content":{"rendered":"<p><strong>Dar\u00edo Pale<\/strong><\/p>\n<p>Xalapa, Ver.- La Arquidi\u00f3cesis de Xalapa present\u00f3 este martes la campa\u00f1a de la 28\u00aa Colecta Anual en V\u00eda P\u00fablica de C\u00e1ritas, que se llevar\u00e1 a cabo el pr\u00f3ximo s\u00e1bado 15 de noviembre, con el objetivo de fortalecer los programas de ayuda dirigidos a personas en situaci\u00f3n de pobreza y enfermedades graves.<\/p>\n<p>En rueda de prensa, el presidente de C\u00e1ritas Arquidiocesana, padre Jos\u00e9 Ignacio Barrera, explic\u00f3 que esta colecta se realiza en el marco de la novena Jornada Mundial de Oraci\u00f3n por los Pobres, cuyo lema para este 2025 es \u201cT\u00fa, Se\u00f1or, eres mi esperanza\u201d.<\/p>\n<p>El sacerdote destac\u00f3 que la pobreza es una realidad permanente que interpela a la sociedad y a la Iglesia. &#8220;Los pobres conf\u00edan en Dios, pero tambi\u00e9n conf\u00edan en nosotros. Es un reto ayudarles a que su esperanza se realice\u201d.<\/p>\n<p>La contadora de C\u00e1ritas, Eva Leticia Villagr\u00e1n, inform\u00f3 que en 2024 la colecta obtuvo 2 millones 62 mil 678 pesos, lo que representa 300 mil pesos menos respecto al a\u00f1o anterior.<\/p>\n<p>Mientras tanto, el gasto mensual de C\u00e1ritas asciende a entre 500 mil y 600 mil pesos para sostener sus tres centros de atenci\u00f3n:<\/p>\n<p>Casa matriz en Xalapa<\/p>\n<p>Centro de Atenci\u00f3n C\u00e1ritas en Coatepec<\/p>\n<p>Albergue Definitivo para Adultos Mayores, ubicado en la colonia 26 de Agosto<\/p>\n<p>Durante 2024, se otorgaron 120 mil apoyos en distintos servicios y programas.<\/p>\n<p>Un aspecto que ha crecido notablemente son los servicios relacionados con la salud.<\/p>\n<p>La vicepresidente Sandra Simon\u00edn se\u00f1al\u00f3 que cada d\u00eda acuden entre 150 y 200 personas para solicitar medicamentos, apoyos en hospitalizaci\u00f3n, estudios, aparatos ortop\u00e9dicos o pasajes para tratamientos.<\/p>\n<p>\u201cHemos visto un incremento en solicitudes oncol\u00f3gicas en los \u00faltimos seis meses. Hay medicamentos que cuestan m\u00e1s de cinco mil pesos y las familias no pueden cubrirlos\u201d, afirm\u00f3.<\/p>\n<p>Tambi\u00e9n se atienden semanalmente casos urgentes de di\u00e1lisis, una de las necesidades m\u00e1s frecuentes ante la escasez en el sector salud.<\/p>\n<p>C\u00e1ritas cuenta actualmente con 260 voluntarios en 59 parroquias de los 37 municipios que conforman la arquidi\u00f3cesis.<\/p>\n<p>Sin embargo, m\u00e1s del 70 % son adultos mayores, por lo que se hace un llamado urgente a la participaci\u00f3n de j\u00f3venes.<\/p>\n<p>\u201cNos hacen falta manos y corazones\u201d, subray\u00f3 Simon\u00edn.<\/p>\n<p>El albergue para adultos mayores funciona 24\/7 y es el que m\u00e1s requiere personal comprometido para acompa\u00f1ar a los residentes.<\/p>\n<p>M\u00e1s de 2,500 voluntarios saldr\u00e1n a las calles<\/p>\n<p>La coordinadora de campa\u00f1a, Andrea Arcos, inform\u00f3 que la colecta se realizar\u00e1 de 9:00 a 21:00 horas, en:<\/p>\n<p>Vialidades principales<\/p>\n<p>Plazas comerciales<\/p>\n<p>Restaurantes y caf\u00e9s<\/p>\n<p>Paradas de autobuses<\/p>\n<p>Unidades habitacionales y parques<\/p>\n<p>Los voluntarios portar\u00e1n gafetes oficiales y botes sellados para seguridad de los donantes.<\/p>\n<p>Adem\u00e1s del donativo econ\u00f3mico, las formas de ayudar incluyen, Sumarse como voluntario, Difundir la campa\u00f1a en redes y medios, Realizar oraci\u00f3n por los equipos y beneficiarios<\/p>\n<p>Solidaridad para la emergencia del norte del estado<\/p>\n<p>C\u00e1ritas Xalapa inform\u00f3 que recientemente se logr\u00f3 recaudar un mill\u00f3n de pesos para apoyar a las di\u00f3cesis afectadas por los desastres en Poza Rica y Tuxpan, entregando 500 mil pesos a cada una.<\/p>\n<p>Este recurso se destinar\u00e1 a compra de l\u00e1minas, colchones y art\u00edculos b\u00e1sicos para vivienda.<\/p>\n<p>La organizaci\u00f3n conf\u00eda que, pese a la situaci\u00f3n econ\u00f3mica, la ciudadan\u00eda vuelva a responder con generosidad:<\/p>\n<p>\u201cSi alguien dona un peso, Dios lo multiplica\u201d, expres\u00f3 Villagr\u00e1n.<\/p>\n<p>Finalmente, se agradeci\u00f3 a los medios de comunicaci\u00f3n y se inform\u00f3 sobre pr\u00f3ximos encuentros con el Arzobispo de Xalapa durante diciembre.<\/p>\n","protected":false},"excerpt":{"rendered":"<p>Dar\u00edo Pale Xalapa, Ver.- La Arquidi\u00f3cesis de Xalapa present\u00f3 este martes la campa\u00f1a de la 28\u00aa Colecta Anual en V\u00eda P\u00fablica de C\u00e1ritas, que se llevar\u00e1 a cabo el pr\u00f3ximo s\u00e1bado 15 de noviembre, con el objetivo de fortalecer los programas de ayuda dirigidos a personas en situaci\u00f3n de pobreza y enfermedades graves. En rueda [&hellip;]<\/p>\n","protected":false},"author":2476,"featured_media":72709,"comment_status":"open","ping_status":"open","sticky":false,"template":"","format":"standard","meta":{"_jetpack_memberships_contains_paid_content":false,"footnotes":""},"categories":[3],"tags":[],"class_list":["post-72708","post","type-post","status-publish","format-standard","has-post-thumbnail","hentry","category-xalapa"],"jetpack_featured_media_url":"https:\/\/encuentroinformativo.com.mx\/wp-content\/uploads\/2025\/11\/IMG-20251111-WA0117.jpg","jetpack_sharing_enabled":true,"jetpack_likes_enabled":true,"amp_enabled":true,"_links":{"self":[{"href":"https:\/\/encuentroinformativo.com.mx\/index.php?rest_route=\/wp\/v2\/posts\/72708","targetHints":{"allow":["GET"]}}],"collection":[{"href":"https:\/\/encuentroinformativo.com.mx\/index.php?rest_route=\/wp\/v2\/posts"}],"about":[{"href":"https:\/\/encuentroinformativo.com.mx\/index.php?rest_route=\/wp\/v2\/types\/post"}],"author":[{"embeddable":true,"href":"https:\/\/encuentroinformativo.com.mx\/index.php?rest_route=\/wp\/v2\/users\/2476"}],"replies":[{"embeddable":true,"href":"https:\/\/encuentroinformativo.com.mx\/index.php?rest_route=%2Fwp%2Fv2%2Fcomments&post=72708"}],"version-history":[{"count":1,"href":"https:\/\/encuentroinformativo.com.mx\/index.php?rest_route=\/wp\/v2\/posts\/72708\/revisions"}],"predecessor-version":[{"id":72710,"href":"https:\/\/encuentroinformativo.com.mx\/index.php?rest_route=\/wp\/v2\/posts\/72708\/revisions\/72710"}],"wp:featuredmedia":[{"embeddable":true,"href":"https:\/\/encuentroinformativo.com.mx\/index.php?rest_route=\/wp\/v2\/media\/72709"}],"wp:attachment":[{"href":"https:\/\/encuentroinformativo.com.mx\/index.php?rest_route=%2Fwp%2Fv2%2Fmedia&parent=72708"}],"wp:term":[{"taxonomy":"category","embeddable":true,"href":"https:\/\/encuentroinformativo.com.mx\/index.php?rest_route=%2Fwp%2Fv2%2Fcategories&post=72708"},{"taxonomy":"post_tag","embeddable":true,"href":"https:\/\/encuentroinformativo.com.mx\/index.php?rest_route=%2Fwp%2Fv2%2Ftags&post=72708"}],"curies":[{"name":"wp","href":"https:\/\/api.w.org\/{rel}","templated":true}]}}