{"id":72730,"date":"2025-11-13T09:27:23","date_gmt":"2025-11-13T15:27:23","guid":{"rendered":"https:\/\/encuentroinformativo.com.mx\/?p=72730"},"modified":"2025-11-13T09:28:17","modified_gmt":"2025-11-13T15:28:17","slug":"pepe-tiene-la-palabra","status":"publish","type":"post","link":"https:\/\/encuentroinformativo.com.mx\/?p=72730","title":{"rendered":"PEPE TIENE LA PALABRA"},"content":{"rendered":"<p><strong>Los Pol\u00edticos<\/strong><\/p>\n<p><strong>Salvador Mu\u00f1oz<\/strong><\/p>\n<p>Hubo reacciones a la columna de PEPE, \u00bfPOR QU\u00c9 NO?<br \/>\nLas hubo desde la cercan\u00eda, afecto, cari\u00f1o que se le tiene al perote\u00f1o\u2026 las hubo de manera interna desde Movimiento Ciudadano\u2026 las hubo indirectas, por parte del mismo Pepe\u2026 y las hubo por parte de aliados del mismo pol\u00edtico.<\/p>\n<p>La primera reacci\u00f3n que tuve, fue la de agradecimiento por parte de quienes est\u00e1n cerca de la familia, en la intimidad del pol\u00edtico, con algo as\u00ed como un \u201cTe lo agradezco, pero no!\u201d al estilo de Alejandro Sanz; siendo m\u00e1s precisos: \u201cYa fue mucho!\u201d<br \/>\nEntre los naranjas, hubo uno que de plano me dijo que ya estaba apalabrado Pepe Yunes con el Movimiento, tanto as\u00ed, que una curul la ten\u00eda asegurada! Por supuesto, insisto, qu\u00e9 mejor que una en el palacio de Encanto\u2026 pero pues qui\u00e9n sabe!<\/p>\n<p>Hubo amigos de Pepe que lo cuestionaron sobre la posiblidad de una agenda 2027-2030 y aseguran que el perote\u00f1o les jura que no est\u00e1 en los planes tal cosa, pero dijera Galileo: \u201cEppur si muove\u201d&#8230;<\/p>\n<p>Aunque los comentarios con los que me quedo, son de otros amigos, cercanos a Pepe, pol\u00edticos, periodistas, que aseguran una cosa: La oposici\u00f3n se est\u00e1 tardando.<br \/>\n\u00bfPor qu\u00e9?<\/p>\n<p>A un a\u00f1o de gobierno, la figura de Roc\u00edo Nahle est\u00e1 por los suelos\u2026 entre circunstancias ajenas a su control, y entre condiciones generadas por ella misma, poco abonan tanto a su figura y por ende, a su partido.<\/p>\n<p>S\u00f3lo recordemos que en el rating de popularidad, est\u00e1 en los \u00faltimos lugares de aprobaci\u00f3n ciudadana.<br \/>\nY cualquiera podr\u00eda decir que hay tiempo o que no es tiempo, pero en realidad lo entender\u00eda hace 10, 15 o 20 a\u00f1os\u2026 hoy no. Y la raz\u00f3n me la da la misma Claudia Sheinbaum y su alfil, Omar Garc\u00eda Harfuch. La carrera presidencial ya empez\u00f3\u2026 y si Claudia y Omar lo saben, cuantim\u00e1s Ricardo Salinas Pliego. El empresario lo tiene en claro.<\/p>\n<p>Los tiempos de hoy son m\u00e1s vertiginosos y requieren de algo m\u00e1s que territorio\u2026 presencia en redes sociales, interacci\u00f3n en redes sociales, constancia en redes sociales\u2026 agregando a ello los tradicionales medios.<\/p>\n<p>Aqu\u00ed en Veracruz, aprovechando un a\u00f1o perdido en el Gobierno de Nahle, ser\u00eda el momento ideal para que la Oposici\u00f3n estuviera actuando, s\u00f3lo que hay un ligero detalle: no tienen figura seria con quien alzar la voz y que represente a los ciudadanos\u2026 bueno, s\u00ed la hay, pero Pepe no tiene cabida en el PRI para hacerlo ni en el PAN. Y no porque se lo impidan esos partidos\u2026 es probable que la misma sociedad se lo reclamara.<br \/>\nS\u00ed, quiz\u00e1s es muy temprano para hablar de un MC o MI\u2026<br \/>\nMovimiento Ciudadano agradecer\u00eda tener a una figura de la talla de Pepe\u2026<\/p>\n<p>Pero tambi\u00e9n la sociedad, el pueblo, los ciudadanos agradecer\u00edan tener en un Movimiento Independiente a un personaje como Pepe\u2026<\/p>\n<p>As\u00ed que, fuera del afecto, de los intereses partidistas, incluso de la misma posici\u00f3n del perote\u00f1o que niega cualquier agenda 2027-2030, lo \u00fanico cierto es que si se quiere hacer algo sea para las intermedias o para la Gubernatura, hay que hacerlo ya\u2026 sacudirse las tibiezas, lo pol\u00edticamente correcto, si en verdad se quiere dar la batalla de aqu\u00ed a cinco a\u00f1os\u2026 Pepe tiene la palabra.<\/p>\n","protected":false},"excerpt":{"rendered":"<p>Los Pol\u00edticos Salvador Mu\u00f1oz Hubo reacciones a la columna de PEPE, \u00bfPOR QU\u00c9 NO? Las hubo desde la cercan\u00eda, afecto, cari\u00f1o que se le tiene al perote\u00f1o\u2026 las hubo de manera interna desde Movimiento Ciudadano\u2026 las hubo indirectas, por parte del mismo Pepe\u2026 y las hubo por parte de aliados del mismo pol\u00edtico. La primera [&hellip;]<\/p>\n","protected":false},"author":2476,"featured_media":387,"comment_status":"open","ping_status":"open","sticky":false,"template":"","format":"standard","meta":{"_jetpack_memberships_contains_paid_content":false,"footnotes":""},"categories":[11],"tags":[],"class_list":["post-72730","post","type-post","status-publish","format-standard","has-post-thumbnail","hentry","category-opinion"],"jetpack_featured_media_url":"https:\/\/encuentroinformativo.com.mx\/wp-content\/uploads\/2020\/03\/7CF8A22B-2764-47BE-8F7F-38FE9E5D6A2F.jpeg","jetpack_sharing_enabled":true,"jetpack_likes_enabled":true,"amp_enabled":true,"_links":{"self":[{"href":"https:\/\/encuentroinformativo.com.mx\/index.php?rest_route=\/wp\/v2\/posts\/72730","targetHints":{"allow":["GET"]}}],"collection":[{"href":"https:\/\/encuentroinformativo.com.mx\/index.php?rest_route=\/wp\/v2\/posts"}],"about":[{"href":"https:\/\/encuentroinformativo.com.mx\/index.php?rest_route=\/wp\/v2\/types\/post"}],"author":[{"embeddable":true,"href":"https:\/\/encuentroinformativo.com.mx\/index.php?rest_route=\/wp\/v2\/users\/2476"}],"replies":[{"embeddable":true,"href":"https:\/\/encuentroinformativo.com.mx\/index.php?rest_route=%2Fwp%2Fv2%2Fcomments&post=72730"}],"version-history":[{"count":1,"href":"https:\/\/encuentroinformativo.com.mx\/index.php?rest_route=\/wp\/v2\/posts\/72730\/revisions"}],"predecessor-version":[{"id":72731,"href":"https:\/\/encuentroinformativo.com.mx\/index.php?rest_route=\/wp\/v2\/posts\/72730\/revisions\/72731"}],"wp:featuredmedia":[{"embeddable":true,"href":"https:\/\/encuentroinformativo.com.mx\/index.php?rest_route=\/wp\/v2\/media\/387"}],"wp:attachment":[{"href":"https:\/\/encuentroinformativo.com.mx\/index.php?rest_route=%2Fwp%2Fv2%2Fmedia&parent=72730"}],"wp:term":[{"taxonomy":"category","embeddable":true,"href":"https:\/\/encuentroinformativo.com.mx\/index.php?rest_route=%2Fwp%2Fv2%2Fcategories&post=72730"},{"taxonomy":"post_tag","embeddable":true,"href":"https:\/\/encuentroinformativo.com.mx\/index.php?rest_route=%2Fwp%2Fv2%2Ftags&post=72730"}],"curies":[{"name":"wp","href":"https:\/\/api.w.org\/{rel}","templated":true}]}}