{"id":72734,"date":"2025-11-13T11:34:45","date_gmt":"2025-11-13T17:34:45","guid":{"rendered":"https:\/\/encuentroinformativo.com.mx\/?p=72734"},"modified":"2025-11-13T11:34:45","modified_gmt":"2025-11-13T17:34:45","slug":"anuncian-foro-de-jovenes-en-la-democracia","status":"publish","type":"post","link":"https:\/\/encuentroinformativo.com.mx\/?p=72734","title":{"rendered":"Anuncian foro de J\u00f3venes en la Democracia"},"content":{"rendered":"<p><strong>Dar\u00edo Pale<\/strong><\/p>\n<p>Xalapa, Ver.- La Secretaria General de la Red de J\u00f3venes por M\u00e9xico en Veracruz, Celia Patricia Lagunes, anunci\u00f3 la realizaci\u00f3n del Foro Juvenil \u201cLa participaci\u00f3n de los j\u00f3venes en la democracia\u201d, un evento que busca fomentar la reflexi\u00f3n, el di\u00e1logo y la inclusi\u00f3n pol\u00edtica entre las nuevas generaciones del estado.<\/p>\n<p>Durante una conferencia de prensa, Lagunes destac\u00f3 la importancia de abrir espacios para que las y los j\u00f3venes puedan expresar sus ideas y participar activamente en la vida democr\u00e1tica del pa\u00eds.<\/p>\n<p>\u201cQueremos demostrar que los j\u00f3venes s\u00ed tenemos voz y que hay un lugar para nosotros en la toma de decisiones, en la construcci\u00f3n de una democracia justa y equitativa\u201d, afirm\u00f3.<\/p>\n<p>El foro se llevar\u00e1 a cabo el martes 18 de noviembre a las 4:00 de la tarde en el Hotel Glee de Xalapa, con entrada libre y registro previo gratuito. La convocatoria est\u00e1 disponible en las redes sociales oficiales de la Red de J\u00f3venes por M\u00e9xico y en las cuentas personales de la dirigente estatal.<\/p>\n<p>El evento contar\u00e1 con la participaci\u00f3n de los ponentes Am\u00e9rico Z\u00fa\u00f1iga Mart\u00ednez y H\u00e9ctor Yunes Landa, reconocidos por su trayectoria pol\u00edtica y oratoria. Los temas principales girar\u00e1n en torno al liderazgo juvenil, la participaci\u00f3n pol\u00edtica y la democracia desde la perspectiva de los j\u00f3venes. Adem\u00e1s, se abrir\u00e1 una sesi\u00f3n de preguntas y respuestas para fomentar el intercambio de ideas entre los asistentes y los ponentes.<\/p>\n<p>\u201cEs lamentable que la voz de muchos j\u00f3venes no sea escuchada o que se difunda informaci\u00f3n no ver\u00eddica sobre nuestro papel en la sociedad. Por eso este foro busca visibilizar nuestras opiniones sobre temas como medio ambiente, salud, inseguridad y pol\u00edticas p\u00fablicas\u201d, se\u00f1al\u00f3 Lagunes.<\/p>\n<p>Asimismo, la dirigente reconoci\u00f3 el respaldo del Comit\u00e9 Directivo Estatal del PRI, encabezado por Adolfo Ram\u00edrez Arana, por su apertura y apoyo a las iniciativas juveniles dentro del partido.<\/p>\n<p>\u201cEn el PRI los j\u00f3venes tenemos voz, tenemos oportunidad y puertas abiertas para seguir adelante\u201d, subray\u00f3.<\/p>\n<p>Finalmente, hizo un llamado a la juventud veracruzana a participar activamente en este tipo de encuentros que -dijo- \u201cayudan a fortalecer la conciencia c\u00edvica, la salud mental y el sentido de responsabilidad social\u201d.<\/p>\n<p>\u201cInvito a todos los j\u00f3venes del estado a sumarse, a aprovechar los espacios que tenemos y a construir juntos un Veracruz m\u00e1s participativo y comprometido con su futuro\u201d, concluy\u00f3.<\/p>\n","protected":false},"excerpt":{"rendered":"<p>Dar\u00edo Pale Xalapa, Ver.- La Secretaria General de la Red de J\u00f3venes por M\u00e9xico en Veracruz, Celia Patricia Lagunes, anunci\u00f3 la realizaci\u00f3n del Foro Juvenil \u201cLa participaci\u00f3n de los j\u00f3venes en la democracia\u201d, un evento que busca fomentar la reflexi\u00f3n, el di\u00e1logo y la inclusi\u00f3n pol\u00edtica entre las nuevas generaciones del estado. Durante una conferencia [&hellip;]<\/p>\n","protected":false},"author":2476,"featured_media":72735,"comment_status":"open","ping_status":"open","sticky":false,"template":"","format":"standard","meta":{"_jetpack_memberships_contains_paid_content":false,"footnotes":""},"categories":[2],"tags":[],"class_list":["post-72734","post","type-post","status-publish","format-standard","has-post-thumbnail","hentry","category-estado"],"jetpack_featured_media_url":"https:\/\/encuentroinformativo.com.mx\/wp-content\/uploads\/2025\/11\/IMG-20251113-WA00612-scaled.jpg","jetpack_sharing_enabled":true,"jetpack_likes_enabled":true,"amp_enabled":true,"_links":{"self":[{"href":"https:\/\/encuentroinformativo.com.mx\/index.php?rest_route=\/wp\/v2\/posts\/72734","targetHints":{"allow":["GET"]}}],"collection":[{"href":"https:\/\/encuentroinformativo.com.mx\/index.php?rest_route=\/wp\/v2\/posts"}],"about":[{"href":"https:\/\/encuentroinformativo.com.mx\/index.php?rest_route=\/wp\/v2\/types\/post"}],"author":[{"embeddable":true,"href":"https:\/\/encuentroinformativo.com.mx\/index.php?rest_route=\/wp\/v2\/users\/2476"}],"replies":[{"embeddable":true,"href":"https:\/\/encuentroinformativo.com.mx\/index.php?rest_route=%2Fwp%2Fv2%2Fcomments&post=72734"}],"version-history":[{"count":1,"href":"https:\/\/encuentroinformativo.com.mx\/index.php?rest_route=\/wp\/v2\/posts\/72734\/revisions"}],"predecessor-version":[{"id":72736,"href":"https:\/\/encuentroinformativo.com.mx\/index.php?rest_route=\/wp\/v2\/posts\/72734\/revisions\/72736"}],"wp:featuredmedia":[{"embeddable":true,"href":"https:\/\/encuentroinformativo.com.mx\/index.php?rest_route=\/wp\/v2\/media\/72735"}],"wp:attachment":[{"href":"https:\/\/encuentroinformativo.com.mx\/index.php?rest_route=%2Fwp%2Fv2%2Fmedia&parent=72734"}],"wp:term":[{"taxonomy":"category","embeddable":true,"href":"https:\/\/encuentroinformativo.com.mx\/index.php?rest_route=%2Fwp%2Fv2%2Fcategories&post=72734"},{"taxonomy":"post_tag","embeddable":true,"href":"https:\/\/encuentroinformativo.com.mx\/index.php?rest_route=%2Fwp%2Fv2%2Ftags&post=72734"}],"curies":[{"name":"wp","href":"https:\/\/api.w.org\/{rel}","templated":true}]}}